{"id":8135,"date":"2025-05-09T07:54:26","date_gmt":"2025-05-09T05:54:26","guid":{"rendered":"https:\/\/test.ovwritt.com\/?p=8135"},"modified":"2025-05-24T16:48:18","modified_gmt":"2025-05-24T14:48:18","slug":"partecipanti-fissi-e-qualificazione-2025","status":"publish","type":"post","link":"https:\/\/test.ovwritt.com\/it\/novita\/partecipanti-fissi-e-qualificazione-2025\/","title":{"rendered":"Partecipanti fissi e qualificazione 2025"},"content":{"rendered":"<h1>Partecipanti fissi e qualificazione 2025<\/h1>\n<p><p>\n        <a href=\"\/wp-content\/uploads\/2025\/05\/2025_Trainingsliste-Qualifikation.pdf\">Orari di allenamento qualificazione<\/a>\n    <\/p>\n<\/p>\n<div>\n<p>Il 31 maggio 2025 si svolger\u00e0 la qualificazione per la 42\u00aa edizione della Cavalcata di Oswald von Wolkenstein presso Castel Presule a Fi\u00e8 allo Sciliar.<\/p>\n<\/div>\n<div>\n<p>Inizialmente si erano iscritte 47 squadre, ma purtroppo una di queste non potr\u00e0 pi\u00f9 partecipare.<\/p>\n<p>16 squadre sono partecipanti fissi e ricevono quindi un pass diretto. Le restanti 30 squadre dovranno affrontare la qualificazione a Fi\u00e8 allo Sciliar, presso il Castel Presule, partecipando al torneo &#8222;passaggio fra porte&#8220;, per conquistare uno dei 20 posti ancora disponibili per la Cavalcata il 14 e 15 giugno 2025.<\/p>\n<\/div>\n<div>\n<table class=\"uk-table uk-table-condensed uk-table-striped\" data-table='{\"searching\":true,\"ordering\":false,\"paging\":false}'>\r\n    <thead>\r\n        <tr>\r\n            <th><\/th>\r\n            <th>Fix starters<\/th>\r\n            <th>Qualification<\/th>\r\n        <\/tr>\r\n    <\/thead>\r\n    <tbody>\r\n                <tr>\r\n            <td>1<\/td>\r\n            <td>Barbian<\/td>\r\n            <td>Kastelruth Brembach<\/td>\r\n        <\/tr>\r\n                <tr>\r\n            <td>2<\/td>\r\n            <td>Bozen<\/td>\r\n            <td>Kastelruth B\u00fchlen<\/td>\r\n        <\/tr>\r\n                <tr>\r\n            <td>3<\/td>\r\n            <td>Hafling<\/td>\r\n            <td>Kastelruth Grondlboden Magofa<\/td>\r\n        <\/tr>\r\n                <tr>\r\n            <td>4<\/td>\r\n            <td>Jenesien Glaning<\/td>\r\n            <td>Kastelruth Hauenstein<\/td>\r\n        <\/tr>\r\n                <tr>\r\n            <td>5<\/td>\r\n            <td>Kaltern<\/td>\r\n            <td>Kastelruth Platten<\/td>\r\n        <\/tr>\r\n                <tr>\r\n            <td>6<\/td>\r\n            <td>Kastelruth Dorf<\/td>\r\n            <td>Kastelruth Ratz\u00e8l<\/td>\r\n        <\/tr>\r\n                <tr>\r\n            <td>7<\/td>\r\n            <td>Kastelruth K\u00f6nigswarte<\/td>\r\n            <td>Kastelruth Runggaditsch<\/td>\r\n        <\/tr>\r\n                <tr>\r\n            <td>8<\/td>\r\n            <td>Lajen 1<\/td>\r\n            <td>Kastelruth Seis<\/td>\r\n        <\/tr>\r\n                <tr>\r\n            <td>9<\/td>\r\n            <td>M\u00f6lten Verschneid<\/td>\r\n            <td>Kastelruth Seiseralm 1<\/td>\r\n        <\/tr>\r\n                <tr>\r\n            <td>10<\/td>\r\n            <td>Ritten<\/td>\r\n            <td>Kastelruth St. Oswald<\/td>\r\n        <\/tr>\r\n                <tr>\r\n            <td>11<\/td>\r\n            <td>Sarntal Nordheim<\/td>\r\n            <td>Kastelruth St. Valentin 2<\/td>\r\n        <\/tr>\r\n                <tr>\r\n            <td>12<\/td>\r\n            <td>Tramin<\/td>\r\n            <td>Kastelruth St. Vigil<\/td>\r\n        <\/tr>\r\n                <tr>\r\n            <td>13<\/td>\r\n            <td>Villn\u00f6ss-Teis<\/td>\r\n            <td>Kastelruth Telfen<\/td>\r\n        <\/tr>\r\n                <tr>\r\n            <td>14<\/td>\r\n            <td>V\u00f6ls V\u00f6lser Aicha<\/td>\r\n            <td>Kastelruth Tisens 2<\/td>\r\n        <\/tr>\r\n                <tr>\r\n            <td>15<\/td>\r\n            <td>Waidbruck<\/td>\r\n            <td>Lajen Albions<\/td>\r\n        <\/tr>\r\n                <tr>\r\n            <td>16<\/td>\r\n            <td>Welschnofen Carezza<\/td>\r\n            <td>Lajen Sauweide<\/td>\r\n        <\/tr>\r\n                <tr>\r\n            <td>17<\/td>\r\n            <td><\/td>\r\n            <td>M\u00f6lten Dorf<\/td>\r\n        <\/tr>\r\n                <tr>\r\n            <td>18<\/td>\r\n            <td><\/td>\r\n            <td>Ritten Signat<\/td>\r\n        <\/tr>\r\n                <tr>\r\n            <td>19<\/td>\r\n            <td><\/td>\r\n            <td>Ritten Unterinn<\/td>\r\n        <\/tr>\r\n                <tr>\r\n            <td>20<\/td>\r\n            <td><\/td>\r\n            <td>Sarntal Durnholz<\/td>\r\n        <\/tr>\r\n                <tr>\r\n            <td>21<\/td>\r\n            <td><\/td>\r\n            <td>Sarntal Labnes<\/td>\r\n        <\/tr>\r\n                <tr>\r\n            <td>22<\/td>\r\n            <td><\/td>\r\n            <td>Sarntal Putzen<\/td>\r\n        <\/tr>\r\n                <tr>\r\n            <td>23<\/td>\r\n            <td><\/td>\r\n            <td>Sarntal Rabenstein<\/td>\r\n        <\/tr>\r\n                <tr>\r\n            <td>24<\/td>\r\n            <td><\/td>\r\n            <td>Sarntal Rohranger<\/td>\r\n        <\/tr>\r\n                <tr>\r\n            <td>25<\/td>\r\n            <td><\/td>\r\n            <td>Sarntal Vormeswald<\/td>\r\n        <\/tr>\r\n                <tr>\r\n            <td>26<\/td>\r\n            <td><\/td>\r\n            <td>Sarnthein Dorf<\/td>\r\n        <\/tr>\r\n                <tr>\r\n            <td>27<\/td>\r\n            <td><\/td>\r\n            <td>V\u00f6ls<\/td>\r\n        <\/tr>\r\n                <tr>\r\n            <td>28<\/td>\r\n            <td><\/td>\r\n            <td>V\u00f6ls - St. Kathrein<\/td>\r\n        <\/tr>\r\n                <tr>\r\n            <td>29<\/td>\r\n            <td><\/td>\r\n            <td>V\u00f6ls Dorf<\/td>\r\n        <\/tr>\r\n                <tr>\r\n            <td>30<\/td>\r\n            <td><\/td>\r\n            <td>V\u00f6ls Oberv\u00f6ls<\/td>\r\n        <\/tr>\r\n            <\/tbody>\r\n<\/table>\n<\/div>\n<p><!--more--><br \/>\n<!-- {\"type\":\"layout\",\"children\":[{\"type\":\"section\",\"props\":{\"image_position\":\"center-center\",\"style\":\"default\",\"title_breakpoint\":\"xl\",\"title_position\":\"top-left\",\"title_rotation\":\"left\",\"vertical_align\":\"middle\",\"width\":\"default\"},\"children\":[{\"type\":\"row\",\"props\":{\"layout\":\"1-2,1-2\"},\"children\":[{\"type\":\"column\",\"props\":{\"image_position\":\"center-center\",\"position_sticky_breakpoint\":\"m\",\"width_medium\":\"1-2\"},\"children\":[{\"type\":\"headline\",\"props\":{\"content\":\"Partecipanti fissi e qualificazione 2025\",\"title_element\":\"h1\"}}]},{\"type\":\"column\",\"props\":{\"image_position\":\"center-center\",\"position_sticky_breakpoint\":\"m\",\"width_medium\":\"1-2\"},\"children\":[{\"type\":\"button\",\"props\":{\"grid_column_gap\":\"small\",\"grid_row_gap\":\"small\",\"margin\":\"default\"},\"children\":[{\"type\":\"button_item\",\"props\":{\"button_style\":\"default\",\"content\":\"Orari di allenamento qualificazione\",\"dialog_layout\":\"modal\",\"dialog_offcanvas_flip\":true,\"icon\":\"file-pdf\",\"icon_align\":\"left\",\"link\":\"wp-content\\\/uploads\\\/2025\\\/05\\\/2025_Trainingsliste-Qualifikation.pdf\"}}],\"name\":\"Orari di allenamento qualificazione\"}]}]}]},{\"type\":\"section\",\"props\":{\"image_position\":\"center-center\",\"style\":\"default\",\"title_breakpoint\":\"xl\",\"title_position\":\"top-left\",\"title_rotation\":\"left\",\"vertical_align\":\"middle\",\"width\":\"default\"},\"children\":[{\"type\":\"row\",\"children\":[{\"type\":\"column\",\"props\":{\"image_position\":\"center-center\",\"position_sticky_breakpoint\":\"m\"},\"children\":[{\"type\":\"text\",\"props\":{\"column_breakpoint\":\"m\",\"content\":\"\n\n<p><\\\/p>\\n\n\n<p>Il 31 maggio 2025 si svolger\\u00e0 la qualificazione per la 42\\u00aa edizione della Cavalcata di Oswald von Wolkenstein presso Castel Presule a Fi\\u00e8 allo Sciliar.<\\\/p>\",\"margin\":\"default\"}},{\"type\":\"text\",\"props\":{\"column_breakpoint\":\"m\",\"content\":\"\n\n<p>Inizialmente si erano iscritte 47 squadre, ma purtroppo una di queste non potr\\u00e0 pi\\u00f9 partecipare.<\\\/p>\\n\n\n<p>16 squadre sono partecipanti fissi e ricevono quindi un pass diretto. Le restanti 30 squadre dovranno affrontare la qualificazione a Fi\\u00e8 allo Sciliar, presso il Castel Presule, partecipando al torneo \\\"passaggio fra porte\\\", per conquistare uno dei 20 posti ancora disponibili per la Cavalcata il 14 e 15 giugno 2025.<\\\/p>\",\"margin\":\"default\"}},{\"type\":\"text\",\"props\":{\"column_breakpoint\":\"m\",\"content\":\"\n\n<p>[tabelle_anmeldungen year=2025]<\\\/p>\",\"margin\":\"default\"}}]}]}]}],\"version\":\"4.5.12\"} --><\/p>\n","protected":false},"excerpt":{"rendered":"<p>Partecipanti fissi e qualificazione 2025 Orari di allenamento qualificazione Il 31 maggio 2025 si svolger\u00e0 la qualificazione per la 42\u00aa edizione della Cavalcata di Oswald von Wolkenstein presso Castel Presule a Fi\u00e8 allo Sciliar. Inizialmente si erano iscritte 47 squadre, ma purtroppo una di queste non potr\u00e0 pi\u00f9 partecipare. 16 squadre sono partecipanti fissi e [&hellip;]<\/p>\n","protected":false},"author":3,"featured_media":8211,"comment_status":"open","ping_status":"closed","sticky":false,"template":"","format":"standard","meta":{"_acf_changed":false,"footnotes":""},"categories":[1],"tags":[],"class_list":["post-8135","post","type-post","status-publish","format-standard","has-post-thumbnail","hentry","category-novita"],"acf":[],"yoast_head":"<!-- This site is optimized with the Yoast SEO plugin v27.1.1 - https:\/\/yoast.com\/product\/yoast-seo-wordpress\/ -->\n<title>Partecipanti fissi e qualificazione 2025 - Der Oswald von Wolkenstein Ritt<\/title>\n<meta name=\"robots\" content=\"noindex, follow, max-snippet:-1, max-image-preview:large, max-video-preview:-1\" \/>\n<meta property=\"og:locale\" content=\"de_DE\" \/>\n<meta property=\"og:type\" content=\"article\" \/>\n<meta property=\"og:title\" content=\"Partecipanti fissi e qualificazione 2025 - Der Oswald von Wolkenstein Ritt\" \/>\n<meta property=\"og:description\" content=\"Partecipanti fissi e qualificazione 2025 Orari di allenamento qualificazione Il 31 maggio 2025 si svolger\u00e0 la qualificazione per la 42\u00aa edizione della Cavalcata di Oswald von Wolkenstein presso Castel Presule a Fi\u00e8 allo Sciliar. Inizialmente si erano iscritte 47 squadre, ma purtroppo una di queste non potr\u00e0 pi\u00f9 partecipare. 16 squadre sono partecipanti fissi e [&hellip;]\" \/>\n<meta property=\"og:url\" content=\"https:\/\/test.ovwritt.com\/it\/novita\/partecipanti-fissi-e-qualificazione-2025\/\" \/>\n<meta property=\"og:site_name\" content=\"Der Oswald von Wolkenstein Ritt\" \/>\n<meta property=\"article:publisher\" content=\"https:\/\/www.facebook.com\/ovwritt\/\" \/>\n<meta property=\"article:published_time\" content=\"2025-05-09T05:54:26+00:00\" \/>\n<meta property=\"article:modified_time\" content=\"2025-05-24T14:48:18+00:00\" \/>\n<meta property=\"og:image\" content=\"https:\/\/test.ovwritt.com\/wp-content\/uploads\/2025\/05\/FotoArmin-868-von-997-scaled.jpg\" \/>\n\t<meta property=\"og:image:width\" content=\"2560\" \/>\n\t<meta property=\"og:image:height\" content=\"1460\" \/>\n\t<meta property=\"og:image:type\" content=\"image\/jpeg\" \/>\n<meta name=\"author\" content=\"julia\" \/>\n<meta name=\"twitter:label1\" content=\"Verfasst von\" \/>\n\t<meta name=\"twitter:data1\" content=\"julia\" \/>\n\t<meta name=\"twitter:label2\" content=\"Gesch\u00e4tzte Lesezeit\" \/>\n\t<meta name=\"twitter:data2\" content=\"1\u00a0Minute\" \/>\n<script type=\"application\/ld+json\" class=\"yoast-schema-graph\">{\"@context\":\"https:\/\/schema.org\",\"@graph\":[{\"@type\":\"Article\",\"@id\":\"https:\/\/test.ovwritt.com\/it\/novita\/partecipanti-fissi-e-qualificazione-2025\/#article\",\"isPartOf\":{\"@id\":\"https:\/\/test.ovwritt.com\/it\/novita\/partecipanti-fissi-e-qualificazione-2025\/\"},\"author\":{\"name\":\"julia\",\"@id\":\"https:\/\/test.ovwritt.com\/#\/schema\/person\/4d1f08eeb0279bb874f28bfb8045519b\"},\"headline\":\"Partecipanti fissi e qualificazione 2025\",\"datePublished\":\"2025-05-09T05:54:26+00:00\",\"dateModified\":\"2025-05-24T14:48:18+00:00\",\"mainEntityOfPage\":{\"@id\":\"https:\/\/test.ovwritt.com\/it\/novita\/partecipanti-fissi-e-qualificazione-2025\/\"},\"wordCount\":95,\"commentCount\":0,\"image\":{\"@id\":\"https:\/\/test.ovwritt.com\/it\/novita\/partecipanti-fissi-e-qualificazione-2025\/#primaryimage\"},\"thumbnailUrl\":\"https:\/\/test.ovwritt.com\/wp-content\/uploads\/2025\/05\/FotoArmin-868-von-997-scaled.jpg\",\"articleSection\":[\"Novit\u00e0\"],\"inLanguage\":\"de\",\"potentialAction\":[{\"@type\":\"CommentAction\",\"name\":\"Comment\",\"target\":[\"https:\/\/test.ovwritt.com\/it\/novita\/partecipanti-fissi-e-qualificazione-2025\/#respond\"]}]},{\"@type\":\"WebPage\",\"@id\":\"https:\/\/test.ovwritt.com\/it\/novita\/partecipanti-fissi-e-qualificazione-2025\/\",\"url\":\"https:\/\/test.ovwritt.com\/it\/novita\/partecipanti-fissi-e-qualificazione-2025\/\",\"name\":\"Partecipanti fissi e qualificazione 2025 - Der Oswald von Wolkenstein Ritt\",\"isPartOf\":{\"@id\":\"https:\/\/test.ovwritt.com\/#website\"},\"primaryImageOfPage\":{\"@id\":\"https:\/\/test.ovwritt.com\/it\/novita\/partecipanti-fissi-e-qualificazione-2025\/#primaryimage\"},\"image\":{\"@id\":\"https:\/\/test.ovwritt.com\/it\/novita\/partecipanti-fissi-e-qualificazione-2025\/#primaryimage\"},\"thumbnailUrl\":\"https:\/\/test.ovwritt.com\/wp-content\/uploads\/2025\/05\/FotoArmin-868-von-997-scaled.jpg\",\"datePublished\":\"2025-05-09T05:54:26+00:00\",\"dateModified\":\"2025-05-24T14:48:18+00:00\",\"author\":{\"@id\":\"https:\/\/test.ovwritt.com\/#\/schema\/person\/4d1f08eeb0279bb874f28bfb8045519b\"},\"breadcrumb\":{\"@id\":\"https:\/\/test.ovwritt.com\/it\/novita\/partecipanti-fissi-e-qualificazione-2025\/#breadcrumb\"},\"inLanguage\":\"de\",\"potentialAction\":[{\"@type\":\"ReadAction\",\"target\":[\"https:\/\/test.ovwritt.com\/it\/novita\/partecipanti-fissi-e-qualificazione-2025\/\"]}]},{\"@type\":\"ImageObject\",\"inLanguage\":\"de\",\"@id\":\"https:\/\/test.ovwritt.com\/it\/novita\/partecipanti-fissi-e-qualificazione-2025\/#primaryimage\",\"url\":\"https:\/\/test.ovwritt.com\/wp-content\/uploads\/2025\/05\/FotoArmin-868-von-997-scaled.jpg\",\"contentUrl\":\"https:\/\/test.ovwritt.com\/wp-content\/uploads\/2025\/05\/FotoArmin-868-von-997-scaled.jpg\",\"width\":2560,\"height\":1460},{\"@type\":\"BreadcrumbList\",\"@id\":\"https:\/\/test.ovwritt.com\/it\/novita\/partecipanti-fissi-e-qualificazione-2025\/#breadcrumb\",\"itemListElement\":[{\"@type\":\"ListItem\",\"position\":1,\"name\":\"Startseite\",\"item\":\"https:\/\/test.ovwritt.com\/\"},{\"@type\":\"ListItem\",\"position\":2,\"name\":\"Partecipanti fissi e qualificazione 2025\"}]},{\"@type\":\"WebSite\",\"@id\":\"https:\/\/test.ovwritt.com\/#website\",\"url\":\"https:\/\/test.ovwritt.com\/\",\"name\":\"Der Oswald von Wolkenstein Ritt\",\"description\":\"Das gr\u00f6\u00dfte Reitspektakel S\u00fcdtirols\",\"potentialAction\":[{\"@type\":\"SearchAction\",\"target\":{\"@type\":\"EntryPoint\",\"urlTemplate\":\"https:\/\/test.ovwritt.com\/?s={search_term_string}\"},\"query-input\":{\"@type\":\"PropertyValueSpecification\",\"valueRequired\":true,\"valueName\":\"search_term_string\"}}],\"inLanguage\":\"de\"},{\"@type\":\"Person\",\"@id\":\"https:\/\/test.ovwritt.com\/#\/schema\/person\/4d1f08eeb0279bb874f28bfb8045519b\",\"name\":\"julia\",\"image\":{\"@type\":\"ImageObject\",\"inLanguage\":\"de\",\"@id\":\"https:\/\/test.ovwritt.com\/#\/schema\/person\/image\/\",\"url\":\"https:\/\/secure.gravatar.com\/avatar\/d3c14c9f6c3719dc78878fb8d9292bf2525aab494cfdb2503ef589792aa3d4e6?s=96&d=mm&r=g\",\"contentUrl\":\"https:\/\/secure.gravatar.com\/avatar\/d3c14c9f6c3719dc78878fb8d9292bf2525aab494cfdb2503ef589792aa3d4e6?s=96&d=mm&r=g\",\"caption\":\"julia\"},\"url\":\"https:\/\/test.ovwritt.com\/author\/julia\/\"}]}<\/script>\n<!-- \/ Yoast SEO plugin. -->","yoast_head_json":{"title":"Partecipanti fissi e qualificazione 2025 - Der Oswald von Wolkenstein Ritt","robots":{"index":"noindex","follow":"follow","max-snippet":"max-snippet:-1","max-image-preview":"max-image-preview:large","max-video-preview":"max-video-preview:-1"},"og_locale":"de_DE","og_type":"article","og_title":"Partecipanti fissi e qualificazione 2025 - Der Oswald von Wolkenstein Ritt","og_description":"Partecipanti fissi e qualificazione 2025 Orari di allenamento qualificazione Il 31 maggio 2025 si svolger\u00e0 la qualificazione per la 42\u00aa edizione della Cavalcata di Oswald von Wolkenstein presso Castel Presule a Fi\u00e8 allo Sciliar. Inizialmente si erano iscritte 47 squadre, ma purtroppo una di queste non potr\u00e0 pi\u00f9 partecipare. 16 squadre sono partecipanti fissi e [&hellip;]","og_url":"https:\/\/test.ovwritt.com\/it\/novita\/partecipanti-fissi-e-qualificazione-2025\/","og_site_name":"Der Oswald von Wolkenstein Ritt","article_publisher":"https:\/\/www.facebook.com\/ovwritt\/","article_published_time":"2025-05-09T05:54:26+00:00","article_modified_time":"2025-05-24T14:48:18+00:00","og_image":[{"width":2560,"height":1460,"url":"https:\/\/test.ovwritt.com\/wp-content\/uploads\/2025\/05\/FotoArmin-868-von-997-scaled.jpg","type":"image\/jpeg"}],"author":"julia","twitter_misc":{"Verfasst von":"julia","Gesch\u00e4tzte Lesezeit":"1\u00a0Minute"},"schema":{"@context":"https:\/\/schema.org","@graph":[{"@type":"Article","@id":"https:\/\/test.ovwritt.com\/it\/novita\/partecipanti-fissi-e-qualificazione-2025\/#article","isPartOf":{"@id":"https:\/\/test.ovwritt.com\/it\/novita\/partecipanti-fissi-e-qualificazione-2025\/"},"author":{"name":"julia","@id":"https:\/\/test.ovwritt.com\/#\/schema\/person\/4d1f08eeb0279bb874f28bfb8045519b"},"headline":"Partecipanti fissi e qualificazione 2025","datePublished":"2025-05-09T05:54:26+00:00","dateModified":"2025-05-24T14:48:18+00:00","mainEntityOfPage":{"@id":"https:\/\/test.ovwritt.com\/it\/novita\/partecipanti-fissi-e-qualificazione-2025\/"},"wordCount":95,"commentCount":0,"image":{"@id":"https:\/\/test.ovwritt.com\/it\/novita\/partecipanti-fissi-e-qualificazione-2025\/#primaryimage"},"thumbnailUrl":"https:\/\/test.ovwritt.com\/wp-content\/uploads\/2025\/05\/FotoArmin-868-von-997-scaled.jpg","articleSection":["Novit\u00e0"],"inLanguage":"de","potentialAction":[{"@type":"CommentAction","name":"Comment","target":["https:\/\/test.ovwritt.com\/it\/novita\/partecipanti-fissi-e-qualificazione-2025\/#respond"]}]},{"@type":"WebPage","@id":"https:\/\/test.ovwritt.com\/it\/novita\/partecipanti-fissi-e-qualificazione-2025\/","url":"https:\/\/test.ovwritt.com\/it\/novita\/partecipanti-fissi-e-qualificazione-2025\/","name":"Partecipanti fissi e qualificazione 2025 - Der Oswald von Wolkenstein Ritt","isPartOf":{"@id":"https:\/\/test.ovwritt.com\/#website"},"primaryImageOfPage":{"@id":"https:\/\/test.ovwritt.com\/it\/novita\/partecipanti-fissi-e-qualificazione-2025\/#primaryimage"},"image":{"@id":"https:\/\/test.ovwritt.com\/it\/novita\/partecipanti-fissi-e-qualificazione-2025\/#primaryimage"},"thumbnailUrl":"https:\/\/test.ovwritt.com\/wp-content\/uploads\/2025\/05\/FotoArmin-868-von-997-scaled.jpg","datePublished":"2025-05-09T05:54:26+00:00","dateModified":"2025-05-24T14:48:18+00:00","author":{"@id":"https:\/\/test.ovwritt.com\/#\/schema\/person\/4d1f08eeb0279bb874f28bfb8045519b"},"breadcrumb":{"@id":"https:\/\/test.ovwritt.com\/it\/novita\/partecipanti-fissi-e-qualificazione-2025\/#breadcrumb"},"inLanguage":"de","potentialAction":[{"@type":"ReadAction","target":["https:\/\/test.ovwritt.com\/it\/novita\/partecipanti-fissi-e-qualificazione-2025\/"]}]},{"@type":"ImageObject","inLanguage":"de","@id":"https:\/\/test.ovwritt.com\/it\/novita\/partecipanti-fissi-e-qualificazione-2025\/#primaryimage","url":"https:\/\/test.ovwritt.com\/wp-content\/uploads\/2025\/05\/FotoArmin-868-von-997-scaled.jpg","contentUrl":"https:\/\/test.ovwritt.com\/wp-content\/uploads\/2025\/05\/FotoArmin-868-von-997-scaled.jpg","width":2560,"height":1460},{"@type":"BreadcrumbList","@id":"https:\/\/test.ovwritt.com\/it\/novita\/partecipanti-fissi-e-qualificazione-2025\/#breadcrumb","itemListElement":[{"@type":"ListItem","position":1,"name":"Startseite","item":"https:\/\/test.ovwritt.com\/"},{"@type":"ListItem","position":2,"name":"Partecipanti fissi e qualificazione 2025"}]},{"@type":"WebSite","@id":"https:\/\/test.ovwritt.com\/#website","url":"https:\/\/test.ovwritt.com\/","name":"Der Oswald von Wolkenstein Ritt","description":"Das gr\u00f6\u00dfte Reitspektakel S\u00fcdtirols","potentialAction":[{"@type":"SearchAction","target":{"@type":"EntryPoint","urlTemplate":"https:\/\/test.ovwritt.com\/?s={search_term_string}"},"query-input":{"@type":"PropertyValueSpecification","valueRequired":true,"valueName":"search_term_string"}}],"inLanguage":"de"},{"@type":"Person","@id":"https:\/\/test.ovwritt.com\/#\/schema\/person\/4d1f08eeb0279bb874f28bfb8045519b","name":"julia","image":{"@type":"ImageObject","inLanguage":"de","@id":"https:\/\/test.ovwritt.com\/#\/schema\/person\/image\/","url":"https:\/\/secure.gravatar.com\/avatar\/d3c14c9f6c3719dc78878fb8d9292bf2525aab494cfdb2503ef589792aa3d4e6?s=96&d=mm&r=g","contentUrl":"https:\/\/secure.gravatar.com\/avatar\/d3c14c9f6c3719dc78878fb8d9292bf2525aab494cfdb2503ef589792aa3d4e6?s=96&d=mm&r=g","caption":"julia"},"url":"https:\/\/test.ovwritt.com\/author\/julia\/"}]}},"_links":{"self":[{"href":"https:\/\/test.ovwritt.com\/json\/wp\/v2\/posts\/8135","targetHints":{"allow":["GET"]}}],"collection":[{"href":"https:\/\/test.ovwritt.com\/json\/wp\/v2\/posts"}],"about":[{"href":"https:\/\/test.ovwritt.com\/json\/wp\/v2\/types\/post"}],"author":[{"embeddable":true,"href":"https:\/\/test.ovwritt.com\/json\/wp\/v2\/users\/3"}],"replies":[{"embeddable":true,"href":"https:\/\/test.ovwritt.com\/json\/wp\/v2\/comments?post=8135"}],"version-history":[{"count":12,"href":"https:\/\/test.ovwritt.com\/json\/wp\/v2\/posts\/8135\/revisions"}],"predecessor-version":[{"id":8243,"href":"https:\/\/test.ovwritt.com\/json\/wp\/v2\/posts\/8135\/revisions\/8243"}],"wp:featuredmedia":[{"embeddable":true,"href":"https:\/\/test.ovwritt.com\/json\/wp\/v2\/media\/8211"}],"wp:attachment":[{"href":"https:\/\/test.ovwritt.com\/json\/wp\/v2\/media?parent=8135"}],"wp:term":[{"taxonomy":"category","embeddable":true,"href":"https:\/\/test.ovwritt.com\/json\/wp\/v2\/categories?post=8135"},{"taxonomy":"post_tag","embeddable":true,"href":"https:\/\/test.ovwritt.com\/json\/wp\/v2\/tags?post=8135"}],"curies":[{"name":"wp","href":"https:\/\/api.w.org\/{rel}","templated":true}]}}