{"id":8121,"date":"2025-05-04T00:16:52","date_gmt":"2025-05-03T22:16:52","guid":{"rendered":"https:\/\/test.ovwritt.com\/?p=8121"},"modified":"2025-05-05T13:28:24","modified_gmt":"2025-05-05T11:28:24","slug":"squadre-iscritte-2025","status":"publish","type":"post","link":"https:\/\/test.ovwritt.com\/it\/novita\/squadre-iscritte-2025\/","title":{"rendered":"Squadre iscritte 2025"},"content":{"rendered":"<h1>\n<p data-start=\"188\" data-end=\"510\" class=\"\"><strong data-start=\"188\" data-end=\"342\">47 squadre si sono iscritte alla 42\u00aa edizione della Cavalcata di Oswald von Wolkenstein<\/strong><\/p>\n<\/h1>\n<div>\n<p data-start=\"188\" data-end=\"510\" class=\"\">&#8230;sfiorando cos\u00ec il record di 48 squadre stabilito nel 2019!\u00a0<br data-start=\"342\" data-end=\"345\" \/>Siamo lieti di dare il benvenuto anche a nuove squadre e comuni che parteciperanno per la prima volta a questo spettacolare evento equestre ricco di tradizione.\u00a0<\/p>\n<p data-start=\"512\" data-end=\"749\" class=\"\">Nel prossimo post Vi sveleremo quali squadre dovranno partecipare alla qualificazione \u201cTorritt\u201d, il 31 maggio 2025 al Castel Presule , per conquistare uno degli ambitissimi posti alla Corsa, che si terr\u00e0 dal 13 al 15 giugno.\u00a0<\/p>\n<p data-start=\"751\" data-end=\"888\" class=\"\">Una cosa \u00e8 certa: <strong data-start=\"769\" data-end=\"804\">ci aspetta una grande emozione!<\/strong><\/p>\n<\/div>\n<ul class=\"uk-list-striped\">\n<li>\n<div>Avelengo<\/div>\n<\/li>\n<li>\n<div>Barbiano<\/div>\n<\/li>\n<li>\n<div>Bolzano<\/div>\n<\/li>\n<li>\n<div>Caldaro<\/div>\n<\/li>\n<li>\n<div>Castelrotto Alpe di Siusi 1<\/div>\n<\/li>\n<li>\n<div>Castelrotto Brembach<\/div>\n<\/li>\n<li>\n<div>Castelrotto B\u00fchlen<\/div>\n<\/li>\n<li>\n<div>Castelrotto Grondlbodn Magofa<\/div>\n<\/li>\n<li>\n<div>Castelrotto Hauenstein<\/div>\n<\/li>\n<li>\n<div>Castelrotto K\u00f6nigswarte<\/div>\n<\/li>\n<li>\n<div>Castelrotto Paese<\/div>\n<\/li>\n<li>\n<div>Castelrotto Platten<\/div>\n<\/li>\n<li>\n<div>Castelrotto Ratz\u00e8l<\/div>\n<\/li>\n<li>\n<div>Castelrotto Roncadizza<\/div>\n<\/li>\n<li>\n<div>Castelrotto S. Osvaldo<\/div>\n<\/li>\n<li>\n<div>Castelrotto S. Valentino 2<\/div>\n<\/li>\n<li>\n<div>Castelrotto S. Vigilio<\/div>\n<\/li>\n<li>\n<div>Castelrotto Siusi<\/div>\n<\/li>\n<li>\n<div>Castelrotto Telfen<\/div>\n<\/li>\n<li>\n<div>Castelrotto Tisana 2<\/div>\n<\/li>\n<li>\n<div>Fi\u00e8<\/div>\n<\/li>\n<li>\n<div>Fi\u00e8 &#8211; Santa Caterina<\/div>\n<\/li>\n<li>\n<div>Fi\u00e8 Aica di Fi\u00e8<\/div>\n<\/li>\n<li>\n<div>Fi\u00e8 Fi\u00e8 di Sopra<\/div>\n<\/li>\n<li>\n<div>Fi\u00e8 Paese<\/div>\n<\/li>\n<li>\n<div>Laion 1<\/div>\n<\/li>\n<li>\n<div>Laion Albions<\/div>\n<\/li>\n<li>\n<div>Laion Sauweide<\/div>\n<\/li>\n<li>\n<div>Meltina Frassineto<\/div>\n<\/li>\n<li>\n<div>Meltina Paese<\/div>\n<\/li>\n<li>\n<div>Nova Levante Carezza<\/div>\n<\/li>\n<li>\n<div>Ponte Gardena<\/div>\n<\/li>\n<li>\n<div>Renon<\/div>\n<\/li>\n<li>\n<div>Renon Auna di Sotto<\/div>\n<\/li>\n<li>\n<div>Renon Signato<\/div>\n<\/li>\n<li>\n<div>San Genesio Cologna<\/div>\n<\/li>\n<li>\n<div>Sarentino Labnes<\/div>\n<\/li>\n<li>\n<div>Sarentino Paese<\/div>\n<\/li>\n<li>\n<div>Sarentino Pozza<\/div>\n<\/li>\n<li>\n<div>Sarentino Rabenstein<\/div>\n<\/li>\n<li>\n<div>Sarentino Rohranger<\/div>\n<\/li>\n<li>\n<div>Sarentino Selva di Vormes<\/div>\n<\/li>\n<li>\n<div>Sarentino Valdurna<\/div>\n<\/li>\n<li>\n<div>Sarentino Villa<\/div>\n<\/li>\n<li>\n<div>Tirolo<\/div>\n<\/li>\n<li>\n<div>Termeno<\/div>\n<\/li>\n<li>\n<div>Val di Funes Tiso<\/div>\n<\/li>\n<\/ul>\n<p><!--more--><br \/>\n<!-- {\"type\":\"layout\",\"children\":[{\"type\":\"section\",\"props\":{\"image_position\":\"center-center\",\"style\":\"default\",\"title_breakpoint\":\"xl\",\"title_position\":\"top-left\",\"title_rotation\":\"left\",\"vertical_align\":\"middle\",\"width\":\"default\"},\"children\":[{\"type\":\"row\",\"children\":[{\"type\":\"column\",\"props\":{\"image_position\":\"center-center\",\"position_sticky_breakpoint\":\"m\"},\"children\":[{\"type\":\"headline\",\"props\":{\"content\":\"\n\n<p data-start=\\\"188\\\" data-end=\\\"510\\\" class=\\\"\\\"><strong data-start=\\\"188\\\" data-end=\\\"342\\\">47 squadre si sono iscritte alla 42\\u00aa edizione della Cavalcata di Oswald von Wolkenstein<\\\/strong><\\\/p>\",\"title_element\":\"h1\"}},{\"type\":\"text\",\"props\":{\"column_breakpoint\":\"m\",\"content\":\"\n\n<p data-start=\\\"188\\\" data-end=\\\"510\\\" class=\\\"\\\">...sfiorando cos\\u00ec il record di 48 squadre stabilito nel 2019!\\u00a0<br data-start=\\\"342\\\" data-end=\\\"345\\\" \\\/>Siamo lieti di dare il benvenuto anche a nuove squadre e comuni che parteciperanno per la prima volta a questo spettacolare evento equestre ricco di tradizione.\\u00a0<\\\/p>\\n\n\n<p data-start=\\\"512\\\" data-end=\\\"749\\\" class=\\\"\\\">Nel prossimo post Vi sveleremo quali squadre dovranno partecipare alla qualificazione \\u201cTorritt\\u201d, il 31 maggio 2025 al Castel Presule , per conquistare uno degli ambitissimi posti alla Corsa, che si terr\\u00e0 dal 13 al 15 giugno.\\u00a0<\\\/p>\\n\n\n<p data-start=\\\"751\\\" data-end=\\\"888\\\" class=\\\"\\\">Una cosa \\u00e8 certa: <strong data-start=\\\"769\\\" data-end=\\\"804\\\">ci aspetta una grande emozione!<\\\/strong><\\\/p>\",\"margin\":\"default\"}},{\"type\":\"list\",\"props\":{\"column_breakpoint\":\"m\",\"image_align\":\"left\",\"image_svg_color\":\"emphasis\",\"image_vertical_align\":true,\"list_element\":\"ul\",\"list_horizontal_separator\":\", \",\"list_type\":\"vertical\",\"show_image\":true,\"show_link\":true,\"text_align\":\"center\"},\"children\":[{\"type\":\"list_item\",\"props\":{\"content\":\"Avelengo\"}},{\"type\":\"list_item\",\"props\":{\"content\":\"Barbiano\"}},{\"type\":\"list_item\",\"props\":{\"content\":\"Bolzano\"}},{\"type\":\"list_item\",\"props\":{\"content\":\"Caldaro\"}},{\"type\":\"list_item\",\"props\":{\"content\":\"Castelrotto Alpe di Siusi 1\"}},{\"type\":\"list_item\",\"props\":{\"content\":\"Castelrotto Brembach\"}},{\"type\":\"list_item\",\"props\":{\"content\":\"Castelrotto B\\u00fchlen\"}},{\"type\":\"list_item\",\"props\":{\"content\":\"Castelrotto Grondlbodn Magofa\"}},{\"type\":\"list_item\",\"props\":{\"content\":\"Castelrotto Hauenstein\"}},{\"type\":\"list_item\",\"props\":{\"content\":\"Castelrotto K\\u00f6nigswarte\"}},{\"type\":\"list_item\",\"props\":{\"content\":\"Castelrotto Paese\"}},{\"type\":\"list_item\",\"props\":{\"content\":\"Castelrotto Platten\"}},{\"type\":\"list_item\",\"props\":{\"content\":\"Castelrotto Ratz\\u00e8l\"}},{\"type\":\"list_item\",\"props\":{\"content\":\"Castelrotto Roncadizza\"}},{\"type\":\"list_item\",\"props\":{\"content\":\"Castelrotto S. Osvaldo\"}},{\"type\":\"list_item\",\"props\":{\"content\":\"Castelrotto S. Valentino 2\"}},{\"type\":\"list_item\",\"props\":{\"content\":\"Castelrotto S. Vigilio\"}},{\"type\":\"list_item\",\"props\":{\"content\":\"Castelrotto Siusi\"}},{\"type\":\"list_item\",\"props\":{\"content\":\"Castelrotto Telfen\"}},{\"type\":\"list_item\",\"props\":{\"content\":\"Castelrotto Tisana 2\"}},{\"type\":\"list_item\",\"props\":{\"content\":\"Fi\\u00e8\"}},{\"type\":\"list_item\",\"props\":{\"content\":\"Fi\\u00e8 - Santa Caterina\"}},{\"type\":\"list_item\",\"props\":{\"content\":\"Fi\\u00e8 Aica di Fi\\u00e8\"}},{\"type\":\"list_item\",\"props\":{\"content\":\"Fi\\u00e8 Fi\\u00e8 di Sopra\"}},{\"type\":\"list_item\",\"props\":{\"content\":\"Fi\\u00e8 Paese\"}},{\"type\":\"list_item\",\"props\":{\"content\":\"Laion 1\"}},{\"type\":\"list_item\",\"props\":{\"content\":\"Laion Albions\"}},{\"type\":\"list_item\",\"props\":{\"content\":\"Laion Sauweide\"}},{\"type\":\"list_item\",\"props\":{\"content\":\"Meltina Frassineto\"}},{\"type\":\"list_item\",\"props\":{\"content\":\"Meltina Paese\"}},{\"type\":\"list_item\",\"props\":{\"content\":\"Nova Levante Carezza\"}},{\"type\":\"list_item\",\"props\":{\"content\":\"Ponte Gardena\"}},{\"type\":\"list_item\",\"props\":{\"content\":\"Renon\"}},{\"type\":\"list_item\",\"props\":{\"content\":\"Renon Auna di Sotto\"}},{\"type\":\"list_item\",\"props\":{\"content\":\"Renon Signato\"}},{\"type\":\"list_item\",\"props\":{\"content\":\"San Genesio Cologna\"}},{\"type\":\"list_item\",\"props\":{\"content\":\"Sarentino Labnes\"}},{\"type\":\"list_item\",\"props\":{\"content\":\"Sarentino Paese\"}},{\"type\":\"list_item\",\"props\":{\"content\":\"Sarentino Pozza\"}},{\"type\":\"list_item\",\"props\":{\"content\":\"Sarentino Rabenstein\"}},{\"type\":\"list_item\",\"props\":{\"content\":\"Sarentino Rohranger\"}},{\"type\":\"list_item\",\"props\":{\"content\":\"Sarentino Selva di Vormes\"}},{\"type\":\"list_item\",\"props\":{\"content\":\"Sarentino Valdurna\"}},{\"type\":\"list_item\",\"props\":{\"content\":\"Sarentino Villa\"}},{\"type\":\"list_item\",\"props\":{\"content\":\"Tirolo\"}},{\"type\":\"list_item\",\"props\":{\"content\":\"Termeno\"}},{\"type\":\"list_item\",\"props\":{\"content\":\"Val di Funes Tiso\"}}]}]}]}]}],\"version\":\"4.5.12\"} --><\/p>\n","protected":false},"excerpt":{"rendered":"<p>47 squadre si sono iscritte alla 42\u00aa edizione della Cavalcata di Oswald von Wolkenstein &#8230;sfiorando cos\u00ec il record di 48 squadre stabilito nel 2019!\u00a0Siamo lieti di dare il benvenuto anche a nuove squadre e comuni che parteciperanno per la prima volta a questo spettacolare evento equestre ricco di tradizione.\u00a0 Nel prossimo post Vi sveleremo quali [&hellip;]<\/p>\n","protected":false},"author":3,"featured_media":8225,"comment_status":"open","ping_status":"closed","sticky":false,"template":"","format":"standard","meta":{"_acf_changed":false,"footnotes":""},"categories":[1],"tags":[],"class_list":["post-8121","post","type-post","status-publish","format-standard","has-post-thumbnail","hentry","category-novita"],"acf":[],"yoast_head":"<!-- This site is optimized with the Yoast SEO plugin v27.1.1 - https:\/\/yoast.com\/product\/yoast-seo-wordpress\/ -->\n<title>Squadre iscritte 2025 - Der Oswald von Wolkenstein Ritt<\/title>\n<meta name=\"robots\" content=\"noindex, follow, max-snippet:-1, max-image-preview:large, max-video-preview:-1\" \/>\n<meta property=\"og:locale\" content=\"de_DE\" \/>\n<meta property=\"og:type\" content=\"article\" \/>\n<meta property=\"og:title\" content=\"Squadre iscritte 2025 - Der Oswald von Wolkenstein Ritt\" \/>\n<meta property=\"og:description\" content=\"47 squadre si sono iscritte alla 42\u00aa edizione della Cavalcata di Oswald von Wolkenstein &#8230;sfiorando cos\u00ec il record di 48 squadre stabilito nel 2019!\u00a0Siamo lieti di dare il benvenuto anche a nuove squadre e comuni che parteciperanno per la prima volta a questo spettacolare evento equestre ricco di tradizione.\u00a0 Nel prossimo post Vi sveleremo quali [&hellip;]\" \/>\n<meta property=\"og:url\" content=\"https:\/\/test.ovwritt.com\/it\/novita\/squadre-iscritte-2025\/\" \/>\n<meta property=\"og:site_name\" content=\"Der Oswald von Wolkenstein Ritt\" \/>\n<meta property=\"article:publisher\" content=\"https:\/\/www.facebook.com\/ovwritt\/\" \/>\n<meta property=\"article:published_time\" content=\"2025-05-03T22:16:52+00:00\" \/>\n<meta property=\"article:modified_time\" content=\"2025-05-05T11:28:24+00:00\" \/>\n<meta property=\"og:image\" content=\"https:\/\/test.ovwritt.com\/wp-content\/uploads\/2025\/05\/FotoArmin-863-von-997-Gross.jpg\" \/>\n\t<meta property=\"og:image:width\" content=\"1894\" \/>\n\t<meta property=\"og:image:height\" content=\"1080\" \/>\n\t<meta property=\"og:image:type\" content=\"image\/jpeg\" \/>\n<meta name=\"author\" content=\"julia\" \/>\n<meta name=\"twitter:label1\" content=\"Verfasst von\" \/>\n\t<meta name=\"twitter:data1\" content=\"julia\" \/>\n\t<meta name=\"twitter:label2\" content=\"Gesch\u00e4tzte Lesezeit\" \/>\n\t<meta name=\"twitter:data2\" content=\"2\u00a0Minuten\" \/>\n<script type=\"application\/ld+json\" class=\"yoast-schema-graph\">{\"@context\":\"https:\/\/schema.org\",\"@graph\":[{\"@type\":\"Article\",\"@id\":\"https:\/\/test.ovwritt.com\/it\/novita\/squadre-iscritte-2025\/#article\",\"isPartOf\":{\"@id\":\"https:\/\/test.ovwritt.com\/it\/novita\/squadre-iscritte-2025\/\"},\"author\":{\"name\":\"julia\",\"@id\":\"https:\/\/test.ovwritt.com\/#\/schema\/person\/4d1f08eeb0279bb874f28bfb8045519b\"},\"headline\":\"Squadre iscritte 2025\",\"datePublished\":\"2025-05-03T22:16:52+00:00\",\"dateModified\":\"2025-05-05T11:28:24+00:00\",\"mainEntityOfPage\":{\"@id\":\"https:\/\/test.ovwritt.com\/it\/novita\/squadre-iscritte-2025\/\"},\"wordCount\":195,\"commentCount\":0,\"image\":{\"@id\":\"https:\/\/test.ovwritt.com\/it\/novita\/squadre-iscritte-2025\/#primaryimage\"},\"thumbnailUrl\":\"https:\/\/test.ovwritt.com\/wp-content\/uploads\/2025\/05\/FotoArmin-721-von-997-scaled.jpg\",\"articleSection\":[\"Novit\u00e0\"],\"inLanguage\":\"de\",\"potentialAction\":[{\"@type\":\"CommentAction\",\"name\":\"Comment\",\"target\":[\"https:\/\/test.ovwritt.com\/it\/novita\/squadre-iscritte-2025\/#respond\"]}]},{\"@type\":\"WebPage\",\"@id\":\"https:\/\/test.ovwritt.com\/it\/novita\/squadre-iscritte-2025\/\",\"url\":\"https:\/\/test.ovwritt.com\/it\/novita\/squadre-iscritte-2025\/\",\"name\":\"Squadre iscritte 2025 - Der Oswald von Wolkenstein Ritt\",\"isPartOf\":{\"@id\":\"https:\/\/test.ovwritt.com\/#website\"},\"primaryImageOfPage\":{\"@id\":\"https:\/\/test.ovwritt.com\/it\/novita\/squadre-iscritte-2025\/#primaryimage\"},\"image\":{\"@id\":\"https:\/\/test.ovwritt.com\/it\/novita\/squadre-iscritte-2025\/#primaryimage\"},\"thumbnailUrl\":\"https:\/\/test.ovwritt.com\/wp-content\/uploads\/2025\/05\/FotoArmin-721-von-997-scaled.jpg\",\"datePublished\":\"2025-05-03T22:16:52+00:00\",\"dateModified\":\"2025-05-05T11:28:24+00:00\",\"author\":{\"@id\":\"https:\/\/test.ovwritt.com\/#\/schema\/person\/4d1f08eeb0279bb874f28bfb8045519b\"},\"breadcrumb\":{\"@id\":\"https:\/\/test.ovwritt.com\/it\/novita\/squadre-iscritte-2025\/#breadcrumb\"},\"inLanguage\":\"de\",\"potentialAction\":[{\"@type\":\"ReadAction\",\"target\":[\"https:\/\/test.ovwritt.com\/it\/novita\/squadre-iscritte-2025\/\"]}]},{\"@type\":\"ImageObject\",\"inLanguage\":\"de\",\"@id\":\"https:\/\/test.ovwritt.com\/it\/novita\/squadre-iscritte-2025\/#primaryimage\",\"url\":\"https:\/\/test.ovwritt.com\/wp-content\/uploads\/2025\/05\/FotoArmin-721-von-997-scaled.jpg\",\"contentUrl\":\"https:\/\/test.ovwritt.com\/wp-content\/uploads\/2025\/05\/FotoArmin-721-von-997-scaled.jpg\",\"width\":2560,\"height\":1493},{\"@type\":\"BreadcrumbList\",\"@id\":\"https:\/\/test.ovwritt.com\/it\/novita\/squadre-iscritte-2025\/#breadcrumb\",\"itemListElement\":[{\"@type\":\"ListItem\",\"position\":1,\"name\":\"Startseite\",\"item\":\"https:\/\/test.ovwritt.com\/\"},{\"@type\":\"ListItem\",\"position\":2,\"name\":\"Squadre iscritte 2025\"}]},{\"@type\":\"WebSite\",\"@id\":\"https:\/\/test.ovwritt.com\/#website\",\"url\":\"https:\/\/test.ovwritt.com\/\",\"name\":\"Der Oswald von Wolkenstein Ritt\",\"description\":\"Das gr\u00f6\u00dfte Reitspektakel S\u00fcdtirols\",\"potentialAction\":[{\"@type\":\"SearchAction\",\"target\":{\"@type\":\"EntryPoint\",\"urlTemplate\":\"https:\/\/test.ovwritt.com\/?s={search_term_string}\"},\"query-input\":{\"@type\":\"PropertyValueSpecification\",\"valueRequired\":true,\"valueName\":\"search_term_string\"}}],\"inLanguage\":\"de\"},{\"@type\":\"Person\",\"@id\":\"https:\/\/test.ovwritt.com\/#\/schema\/person\/4d1f08eeb0279bb874f28bfb8045519b\",\"name\":\"julia\",\"image\":{\"@type\":\"ImageObject\",\"inLanguage\":\"de\",\"@id\":\"https:\/\/test.ovwritt.com\/#\/schema\/person\/image\/\",\"url\":\"https:\/\/secure.gravatar.com\/avatar\/d3c14c9f6c3719dc78878fb8d9292bf2525aab494cfdb2503ef589792aa3d4e6?s=96&d=mm&r=g\",\"contentUrl\":\"https:\/\/secure.gravatar.com\/avatar\/d3c14c9f6c3719dc78878fb8d9292bf2525aab494cfdb2503ef589792aa3d4e6?s=96&d=mm&r=g\",\"caption\":\"julia\"},\"url\":\"https:\/\/test.ovwritt.com\/author\/julia\/\"}]}<\/script>\n<!-- \/ Yoast SEO plugin. -->","yoast_head_json":{"title":"Squadre iscritte 2025 - Der Oswald von Wolkenstein Ritt","robots":{"index":"noindex","follow":"follow","max-snippet":"max-snippet:-1","max-image-preview":"max-image-preview:large","max-video-preview":"max-video-preview:-1"},"og_locale":"de_DE","og_type":"article","og_title":"Squadre iscritte 2025 - Der Oswald von Wolkenstein Ritt","og_description":"47 squadre si sono iscritte alla 42\u00aa edizione della Cavalcata di Oswald von Wolkenstein &#8230;sfiorando cos\u00ec il record di 48 squadre stabilito nel 2019!\u00a0Siamo lieti di dare il benvenuto anche a nuove squadre e comuni che parteciperanno per la prima volta a questo spettacolare evento equestre ricco di tradizione.\u00a0 Nel prossimo post Vi sveleremo quali [&hellip;]","og_url":"https:\/\/test.ovwritt.com\/it\/novita\/squadre-iscritte-2025\/","og_site_name":"Der Oswald von Wolkenstein Ritt","article_publisher":"https:\/\/www.facebook.com\/ovwritt\/","article_published_time":"2025-05-03T22:16:52+00:00","article_modified_time":"2025-05-05T11:28:24+00:00","og_image":[{"width":1894,"height":1080,"url":"https:\/\/test.ovwritt.com\/wp-content\/uploads\/2025\/05\/FotoArmin-863-von-997-Gross.jpg","type":"image\/jpeg"}],"author":"julia","twitter_misc":{"Verfasst von":"julia","Gesch\u00e4tzte Lesezeit":"2\u00a0Minuten"},"schema":{"@context":"https:\/\/schema.org","@graph":[{"@type":"Article","@id":"https:\/\/test.ovwritt.com\/it\/novita\/squadre-iscritte-2025\/#article","isPartOf":{"@id":"https:\/\/test.ovwritt.com\/it\/novita\/squadre-iscritte-2025\/"},"author":{"name":"julia","@id":"https:\/\/test.ovwritt.com\/#\/schema\/person\/4d1f08eeb0279bb874f28bfb8045519b"},"headline":"Squadre iscritte 2025","datePublished":"2025-05-03T22:16:52+00:00","dateModified":"2025-05-05T11:28:24+00:00","mainEntityOfPage":{"@id":"https:\/\/test.ovwritt.com\/it\/novita\/squadre-iscritte-2025\/"},"wordCount":195,"commentCount":0,"image":{"@id":"https:\/\/test.ovwritt.com\/it\/novita\/squadre-iscritte-2025\/#primaryimage"},"thumbnailUrl":"https:\/\/test.ovwritt.com\/wp-content\/uploads\/2025\/05\/FotoArmin-721-von-997-scaled.jpg","articleSection":["Novit\u00e0"],"inLanguage":"de","potentialAction":[{"@type":"CommentAction","name":"Comment","target":["https:\/\/test.ovwritt.com\/it\/novita\/squadre-iscritte-2025\/#respond"]}]},{"@type":"WebPage","@id":"https:\/\/test.ovwritt.com\/it\/novita\/squadre-iscritte-2025\/","url":"https:\/\/test.ovwritt.com\/it\/novita\/squadre-iscritte-2025\/","name":"Squadre iscritte 2025 - Der Oswald von Wolkenstein Ritt","isPartOf":{"@id":"https:\/\/test.ovwritt.com\/#website"},"primaryImageOfPage":{"@id":"https:\/\/test.ovwritt.com\/it\/novita\/squadre-iscritte-2025\/#primaryimage"},"image":{"@id":"https:\/\/test.ovwritt.com\/it\/novita\/squadre-iscritte-2025\/#primaryimage"},"thumbnailUrl":"https:\/\/test.ovwritt.com\/wp-content\/uploads\/2025\/05\/FotoArmin-721-von-997-scaled.jpg","datePublished":"2025-05-03T22:16:52+00:00","dateModified":"2025-05-05T11:28:24+00:00","author":{"@id":"https:\/\/test.ovwritt.com\/#\/schema\/person\/4d1f08eeb0279bb874f28bfb8045519b"},"breadcrumb":{"@id":"https:\/\/test.ovwritt.com\/it\/novita\/squadre-iscritte-2025\/#breadcrumb"},"inLanguage":"de","potentialAction":[{"@type":"ReadAction","target":["https:\/\/test.ovwritt.com\/it\/novita\/squadre-iscritte-2025\/"]}]},{"@type":"ImageObject","inLanguage":"de","@id":"https:\/\/test.ovwritt.com\/it\/novita\/squadre-iscritte-2025\/#primaryimage","url":"https:\/\/test.ovwritt.com\/wp-content\/uploads\/2025\/05\/FotoArmin-721-von-997-scaled.jpg","contentUrl":"https:\/\/test.ovwritt.com\/wp-content\/uploads\/2025\/05\/FotoArmin-721-von-997-scaled.jpg","width":2560,"height":1493},{"@type":"BreadcrumbList","@id":"https:\/\/test.ovwritt.com\/it\/novita\/squadre-iscritte-2025\/#breadcrumb","itemListElement":[{"@type":"ListItem","position":1,"name":"Startseite","item":"https:\/\/test.ovwritt.com\/"},{"@type":"ListItem","position":2,"name":"Squadre iscritte 2025"}]},{"@type":"WebSite","@id":"https:\/\/test.ovwritt.com\/#website","url":"https:\/\/test.ovwritt.com\/","name":"Der Oswald von Wolkenstein Ritt","description":"Das gr\u00f6\u00dfte Reitspektakel S\u00fcdtirols","potentialAction":[{"@type":"SearchAction","target":{"@type":"EntryPoint","urlTemplate":"https:\/\/test.ovwritt.com\/?s={search_term_string}"},"query-input":{"@type":"PropertyValueSpecification","valueRequired":true,"valueName":"search_term_string"}}],"inLanguage":"de"},{"@type":"Person","@id":"https:\/\/test.ovwritt.com\/#\/schema\/person\/4d1f08eeb0279bb874f28bfb8045519b","name":"julia","image":{"@type":"ImageObject","inLanguage":"de","@id":"https:\/\/test.ovwritt.com\/#\/schema\/person\/image\/","url":"https:\/\/secure.gravatar.com\/avatar\/d3c14c9f6c3719dc78878fb8d9292bf2525aab494cfdb2503ef589792aa3d4e6?s=96&d=mm&r=g","contentUrl":"https:\/\/secure.gravatar.com\/avatar\/d3c14c9f6c3719dc78878fb8d9292bf2525aab494cfdb2503ef589792aa3d4e6?s=96&d=mm&r=g","caption":"julia"},"url":"https:\/\/test.ovwritt.com\/author\/julia\/"}]}},"_links":{"self":[{"href":"https:\/\/test.ovwritt.com\/json\/wp\/v2\/posts\/8121","targetHints":{"allow":["GET"]}}],"collection":[{"href":"https:\/\/test.ovwritt.com\/json\/wp\/v2\/posts"}],"about":[{"href":"https:\/\/test.ovwritt.com\/json\/wp\/v2\/types\/post"}],"author":[{"embeddable":true,"href":"https:\/\/test.ovwritt.com\/json\/wp\/v2\/users\/3"}],"replies":[{"embeddable":true,"href":"https:\/\/test.ovwritt.com\/json\/wp\/v2\/comments?post=8121"}],"version-history":[{"count":5,"href":"https:\/\/test.ovwritt.com\/json\/wp\/v2\/posts\/8121\/revisions"}],"predecessor-version":[{"id":8144,"href":"https:\/\/test.ovwritt.com\/json\/wp\/v2\/posts\/8121\/revisions\/8144"}],"wp:featuredmedia":[{"embeddable":true,"href":"https:\/\/test.ovwritt.com\/json\/wp\/v2\/media\/8225"}],"wp:attachment":[{"href":"https:\/\/test.ovwritt.com\/json\/wp\/v2\/media?parent=8121"}],"wp:term":[{"taxonomy":"category","embeddable":true,"href":"https:\/\/test.ovwritt.com\/json\/wp\/v2\/categories?post=8121"},{"taxonomy":"post_tag","embeddable":true,"href":"https:\/\/test.ovwritt.com\/json\/wp\/v2\/tags?post=8121"}],"curies":[{"name":"wp","href":"https:\/\/api.w.org\/{rel}","templated":true}]}}