{"id":754,"date":"2017-07-12T12:08:20","date_gmt":"2017-07-12T10:08:20","guid":{"rendered":"https:\/\/test.ovwritt.com\/?p=754"},"modified":"2018-01-08T20:08:24","modified_gmt":"2018-01-08T19:08:24","slug":"appuntamenti-2018","status":"publish","type":"post","link":"https:\/\/test.ovwritt.com\/it\/novita\/appuntamenti-2018\/","title":{"rendered":"Appuntamenti 2018"},"content":{"rendered":"<p>Nessun altro evento riesce a fondere cos\u00ec sapientemente storia, sport, tradizione, cultura e folclore come la celebre Cavalcata intitolata ad Oswald von Wolkenstein. Il tradizionale spettacolo equestre \u00e8 celebrato ogni anno ed attuale per la <strong>36\u00b0 volta\u00a0<\/strong>sullo sfondo di un paesaggio unico e di fronte ad un pubblico in visibilio.<\/p>\n<p>Da ammirare \u00e8 anche il weekend della cavalcata stessa, al quale Vi aspettiamo per festeggiare ed ammirare con noi lo grande spettacolo.<\/p>\n<p><strong>Venerd\u00ec, 25 maggio <\/strong>\u00e8 l<strong>&#8218;<\/strong>inizio della <strong>festa in piazza del paese di Fi\u00e8<\/strong> con la tradizionale spillatura del fusto di birra. Vengono anche estratti i numeri di partenza per domenica delle squadre partecipanti. Naturalmente c&#8217;\u00e8 anche intrattenimento musicale dal vivo e potete goderVi specialit\u00e0 locali per tutto il weekend.<\/p>\n<p><strong>Sabato, 26 maggio<\/strong>, Vi aspetta la <strong>grande sfilata al centro del paese di Fi\u00e8<\/strong>. Partecipano le 36 squadre gareggianti, bande musicali, siccome anche costumi tradizionali e carrozze.<\/p>\n<p><strong>Domenica, 27 maggio,\u00a0<\/strong><span style=\"color: inherit; font-family: inherit; font-size: inherit;\">per cavalieri e spettatori\u00a0<\/span>la giornata inizia <span style=\"color: inherit; font-family: inherit; font-size: inherit;\">presto<\/span><span style=\"color: inherit; font-family: inherit; font-size: inherit;\">\u00a0<\/span><span style=\"color: inherit; font-family: inherit; font-size: inherit;\">presso <\/span><strong>Castel Forte (Schloss Trostburg<\/strong>) a Ponte Gardena, luogo di nascita\u00a0 del grande poeta e cantore lirico Oswald von Wolkenstein. Vessilli al vento, i cavalieri passano da <strong>Castelrotto, <\/strong>a<strong> Siusi, Lago di Fi\u00e8<\/strong> fino al <strong>Castel Presule<\/strong> mettendo alla prova le loro doti di velocit\u00e0, abilit\u00e0 e governo del cavallo. Spirito di squadra, coraggio ed amore per l&#8217;animale: questi sono i requisiti fondamentali chiesti ad una squadra che voglia aggiudicarsi il prestigioso concorso per portare a casa <strong>lo nuovo standardo<\/strong>. Al termine delle sfide, la solenne premiazione a Castel Presule.<\/p>\n<p>&nbsp;<\/p>\n<p>Ulteriori informazioni seguono<\/p>\n<p>&nbsp;<\/p>\n<p>&nbsp;<\/p>\n","protected":false},"excerpt":{"rendered":"<p>Nessun altro evento riesce a fondere cos\u00ec sapientemente storia, sport, tradizione, cultura e folclore come la celebre Cavalcata intitolata ad Oswald von Wolkenstein. Il tradizionale spettacolo equestre \u00e8 celebrato ogni anno ed attuale per la 36\u00b0 volta\u00a0sullo sfondo di un paesaggio unico e di fronte ad un pubblico in visibilio. Da ammirare \u00e8 anche il [&hellip;]<\/p>\n","protected":false},"author":2,"featured_media":748,"comment_status":"open","ping_status":"closed","sticky":false,"template":"","format":"standard","meta":{"_acf_changed":false,"footnotes":""},"categories":[1],"tags":[],"class_list":["post-754","post","type-post","status-publish","format-standard","has-post-thumbnail","hentry","category-novita"],"acf":[],"yoast_head":"<!-- This site is optimized with the Yoast SEO plugin v27.1.1 - https:\/\/yoast.com\/product\/yoast-seo-wordpress\/ -->\n<title>Appuntamenti 2018 - Der Oswald von Wolkenstein Ritt<\/title>\n<meta name=\"robots\" content=\"noindex, follow, max-snippet:-1, max-image-preview:large, max-video-preview:-1\" \/>\n<meta property=\"og:locale\" content=\"de_DE\" \/>\n<meta property=\"og:type\" content=\"article\" \/>\n<meta property=\"og:title\" content=\"Appuntamenti 2018 - Der Oswald von Wolkenstein Ritt\" \/>\n<meta property=\"og:description\" content=\"Nessun altro evento riesce a fondere cos\u00ec sapientemente storia, sport, tradizione, cultura e folclore come la celebre Cavalcata intitolata ad Oswald von Wolkenstein. Il tradizionale spettacolo equestre \u00e8 celebrato ogni anno ed attuale per la 36\u00b0 volta\u00a0sullo sfondo di un paesaggio unico e di fronte ad un pubblico in visibilio. Da ammirare \u00e8 anche il [&hellip;]\" \/>\n<meta property=\"og:url\" content=\"https:\/\/test.ovwritt.com\/it\/novita\/appuntamenti-2018\/\" \/>\n<meta property=\"og:site_name\" content=\"Der Oswald von Wolkenstein Ritt\" \/>\n<meta property=\"article:publisher\" content=\"https:\/\/www.facebook.com\/ovwritt\/\" \/>\n<meta property=\"article:published_time\" content=\"2017-07-12T10:08:20+00:00\" \/>\n<meta property=\"article:modified_time\" content=\"2018-01-08T19:08:24+00:00\" \/>\n<meta property=\"og:image\" content=\"https:\/\/test.ovwritt.com\/wp-content\/uploads\/2017\/07\/prosels.jpeg\" \/>\n\t<meta property=\"og:image:width\" content=\"1600\" \/>\n\t<meta property=\"og:image:height\" content=\"589\" \/>\n\t<meta property=\"og:image:type\" content=\"image\/jpeg\" \/>\n<meta name=\"author\" content=\"peter\" \/>\n<meta name=\"twitter:label1\" content=\"Verfasst von\" \/>\n\t<meta name=\"twitter:data1\" content=\"peter\" \/>\n\t<meta name=\"twitter:label2\" content=\"Gesch\u00e4tzte Lesezeit\" \/>\n\t<meta name=\"twitter:data2\" content=\"1\u00a0Minute\" \/>\n<script type=\"application\/ld+json\" class=\"yoast-schema-graph\">{\"@context\":\"https:\/\/schema.org\",\"@graph\":[{\"@type\":\"Article\",\"@id\":\"https:\/\/test.ovwritt.com\/it\/novita\/appuntamenti-2018\/#article\",\"isPartOf\":{\"@id\":\"https:\/\/test.ovwritt.com\/it\/novita\/appuntamenti-2018\/\"},\"author\":{\"name\":\"peter\",\"@id\":\"https:\/\/test.ovwritt.com\/#\/schema\/person\/031cb12ded16fee6bce74e7c5cedeaf3\"},\"headline\":\"Appuntamenti 2018\",\"datePublished\":\"2017-07-12T10:08:20+00:00\",\"dateModified\":\"2018-01-08T19:08:24+00:00\",\"mainEntityOfPage\":{\"@id\":\"https:\/\/test.ovwritt.com\/it\/novita\/appuntamenti-2018\/\"},\"wordCount\":251,\"commentCount\":0,\"image\":{\"@id\":\"https:\/\/test.ovwritt.com\/it\/novita\/appuntamenti-2018\/#primaryimage\"},\"thumbnailUrl\":\"https:\/\/test.ovwritt.com\/wp-content\/uploads\/2017\/07\/prosels.jpeg\",\"articleSection\":[\"Novit\u00e0\"],\"inLanguage\":\"de\",\"potentialAction\":[{\"@type\":\"CommentAction\",\"name\":\"Comment\",\"target\":[\"https:\/\/test.ovwritt.com\/it\/novita\/appuntamenti-2018\/#respond\"]}]},{\"@type\":\"WebPage\",\"@id\":\"https:\/\/test.ovwritt.com\/it\/novita\/appuntamenti-2018\/\",\"url\":\"https:\/\/test.ovwritt.com\/it\/novita\/appuntamenti-2018\/\",\"name\":\"Appuntamenti 2018 - Der Oswald von Wolkenstein Ritt\",\"isPartOf\":{\"@id\":\"https:\/\/test.ovwritt.com\/#website\"},\"primaryImageOfPage\":{\"@id\":\"https:\/\/test.ovwritt.com\/it\/novita\/appuntamenti-2018\/#primaryimage\"},\"image\":{\"@id\":\"https:\/\/test.ovwritt.com\/it\/novita\/appuntamenti-2018\/#primaryimage\"},\"thumbnailUrl\":\"https:\/\/test.ovwritt.com\/wp-content\/uploads\/2017\/07\/prosels.jpeg\",\"datePublished\":\"2017-07-12T10:08:20+00:00\",\"dateModified\":\"2018-01-08T19:08:24+00:00\",\"author\":{\"@id\":\"https:\/\/test.ovwritt.com\/#\/schema\/person\/031cb12ded16fee6bce74e7c5cedeaf3\"},\"breadcrumb\":{\"@id\":\"https:\/\/test.ovwritt.com\/it\/novita\/appuntamenti-2018\/#breadcrumb\"},\"inLanguage\":\"de\",\"potentialAction\":[{\"@type\":\"ReadAction\",\"target\":[\"https:\/\/test.ovwritt.com\/it\/novita\/appuntamenti-2018\/\"]}]},{\"@type\":\"ImageObject\",\"inLanguage\":\"de\",\"@id\":\"https:\/\/test.ovwritt.com\/it\/novita\/appuntamenti-2018\/#primaryimage\",\"url\":\"https:\/\/test.ovwritt.com\/wp-content\/uploads\/2017\/07\/prosels.jpeg\",\"contentUrl\":\"https:\/\/test.ovwritt.com\/wp-content\/uploads\/2017\/07\/prosels.jpeg\",\"width\":1600,\"height\":589},{\"@type\":\"BreadcrumbList\",\"@id\":\"https:\/\/test.ovwritt.com\/it\/novita\/appuntamenti-2018\/#breadcrumb\",\"itemListElement\":[{\"@type\":\"ListItem\",\"position\":1,\"name\":\"Startseite\",\"item\":\"https:\/\/test.ovwritt.com\/\"},{\"@type\":\"ListItem\",\"position\":2,\"name\":\"Appuntamenti 2018\"}]},{\"@type\":\"WebSite\",\"@id\":\"https:\/\/test.ovwritt.com\/#website\",\"url\":\"https:\/\/test.ovwritt.com\/\",\"name\":\"Der Oswald von Wolkenstein Ritt\",\"description\":\"Das gr\u00f6\u00dfte Reitspektakel S\u00fcdtirols\",\"potentialAction\":[{\"@type\":\"SearchAction\",\"target\":{\"@type\":\"EntryPoint\",\"urlTemplate\":\"https:\/\/test.ovwritt.com\/?s={search_term_string}\"},\"query-input\":{\"@type\":\"PropertyValueSpecification\",\"valueRequired\":true,\"valueName\":\"search_term_string\"}}],\"inLanguage\":\"de\"},{\"@type\":\"Person\",\"@id\":\"https:\/\/test.ovwritt.com\/#\/schema\/person\/031cb12ded16fee6bce74e7c5cedeaf3\",\"name\":\"peter\",\"image\":{\"@type\":\"ImageObject\",\"inLanguage\":\"de\",\"@id\":\"https:\/\/test.ovwritt.com\/#\/schema\/person\/image\/\",\"url\":\"https:\/\/secure.gravatar.com\/avatar\/2eae265c446abfdba86ec66bd3e380742665f8cdecebf424d120579481b11584?s=96&d=mm&r=g\",\"contentUrl\":\"https:\/\/secure.gravatar.com\/avatar\/2eae265c446abfdba86ec66bd3e380742665f8cdecebf424d120579481b11584?s=96&d=mm&r=g\",\"caption\":\"peter\"},\"url\":\"https:\/\/test.ovwritt.com\/author\/peter\/\"}]}<\/script>\n<!-- \/ Yoast SEO plugin. -->","yoast_head_json":{"title":"Appuntamenti 2018 - Der Oswald von Wolkenstein Ritt","robots":{"index":"noindex","follow":"follow","max-snippet":"max-snippet:-1","max-image-preview":"max-image-preview:large","max-video-preview":"max-video-preview:-1"},"og_locale":"de_DE","og_type":"article","og_title":"Appuntamenti 2018 - Der Oswald von Wolkenstein Ritt","og_description":"Nessun altro evento riesce a fondere cos\u00ec sapientemente storia, sport, tradizione, cultura e folclore come la celebre Cavalcata intitolata ad Oswald von Wolkenstein. Il tradizionale spettacolo equestre \u00e8 celebrato ogni anno ed attuale per la 36\u00b0 volta\u00a0sullo sfondo di un paesaggio unico e di fronte ad un pubblico in visibilio. Da ammirare \u00e8 anche il [&hellip;]","og_url":"https:\/\/test.ovwritt.com\/it\/novita\/appuntamenti-2018\/","og_site_name":"Der Oswald von Wolkenstein Ritt","article_publisher":"https:\/\/www.facebook.com\/ovwritt\/","article_published_time":"2017-07-12T10:08:20+00:00","article_modified_time":"2018-01-08T19:08:24+00:00","og_image":[{"width":1600,"height":589,"url":"https:\/\/test.ovwritt.com\/wp-content\/uploads\/2017\/07\/prosels.jpeg","type":"image\/jpeg"}],"author":"peter","twitter_misc":{"Verfasst von":"peter","Gesch\u00e4tzte Lesezeit":"1\u00a0Minute"},"schema":{"@context":"https:\/\/schema.org","@graph":[{"@type":"Article","@id":"https:\/\/test.ovwritt.com\/it\/novita\/appuntamenti-2018\/#article","isPartOf":{"@id":"https:\/\/test.ovwritt.com\/it\/novita\/appuntamenti-2018\/"},"author":{"name":"peter","@id":"https:\/\/test.ovwritt.com\/#\/schema\/person\/031cb12ded16fee6bce74e7c5cedeaf3"},"headline":"Appuntamenti 2018","datePublished":"2017-07-12T10:08:20+00:00","dateModified":"2018-01-08T19:08:24+00:00","mainEntityOfPage":{"@id":"https:\/\/test.ovwritt.com\/it\/novita\/appuntamenti-2018\/"},"wordCount":251,"commentCount":0,"image":{"@id":"https:\/\/test.ovwritt.com\/it\/novita\/appuntamenti-2018\/#primaryimage"},"thumbnailUrl":"https:\/\/test.ovwritt.com\/wp-content\/uploads\/2017\/07\/prosels.jpeg","articleSection":["Novit\u00e0"],"inLanguage":"de","potentialAction":[{"@type":"CommentAction","name":"Comment","target":["https:\/\/test.ovwritt.com\/it\/novita\/appuntamenti-2018\/#respond"]}]},{"@type":"WebPage","@id":"https:\/\/test.ovwritt.com\/it\/novita\/appuntamenti-2018\/","url":"https:\/\/test.ovwritt.com\/it\/novita\/appuntamenti-2018\/","name":"Appuntamenti 2018 - Der Oswald von Wolkenstein Ritt","isPartOf":{"@id":"https:\/\/test.ovwritt.com\/#website"},"primaryImageOfPage":{"@id":"https:\/\/test.ovwritt.com\/it\/novita\/appuntamenti-2018\/#primaryimage"},"image":{"@id":"https:\/\/test.ovwritt.com\/it\/novita\/appuntamenti-2018\/#primaryimage"},"thumbnailUrl":"https:\/\/test.ovwritt.com\/wp-content\/uploads\/2017\/07\/prosels.jpeg","datePublished":"2017-07-12T10:08:20+00:00","dateModified":"2018-01-08T19:08:24+00:00","author":{"@id":"https:\/\/test.ovwritt.com\/#\/schema\/person\/031cb12ded16fee6bce74e7c5cedeaf3"},"breadcrumb":{"@id":"https:\/\/test.ovwritt.com\/it\/novita\/appuntamenti-2018\/#breadcrumb"},"inLanguage":"de","potentialAction":[{"@type":"ReadAction","target":["https:\/\/test.ovwritt.com\/it\/novita\/appuntamenti-2018\/"]}]},{"@type":"ImageObject","inLanguage":"de","@id":"https:\/\/test.ovwritt.com\/it\/novita\/appuntamenti-2018\/#primaryimage","url":"https:\/\/test.ovwritt.com\/wp-content\/uploads\/2017\/07\/prosels.jpeg","contentUrl":"https:\/\/test.ovwritt.com\/wp-content\/uploads\/2017\/07\/prosels.jpeg","width":1600,"height":589},{"@type":"BreadcrumbList","@id":"https:\/\/test.ovwritt.com\/it\/novita\/appuntamenti-2018\/#breadcrumb","itemListElement":[{"@type":"ListItem","position":1,"name":"Startseite","item":"https:\/\/test.ovwritt.com\/"},{"@type":"ListItem","position":2,"name":"Appuntamenti 2018"}]},{"@type":"WebSite","@id":"https:\/\/test.ovwritt.com\/#website","url":"https:\/\/test.ovwritt.com\/","name":"Der Oswald von Wolkenstein Ritt","description":"Das gr\u00f6\u00dfte Reitspektakel S\u00fcdtirols","potentialAction":[{"@type":"SearchAction","target":{"@type":"EntryPoint","urlTemplate":"https:\/\/test.ovwritt.com\/?s={search_term_string}"},"query-input":{"@type":"PropertyValueSpecification","valueRequired":true,"valueName":"search_term_string"}}],"inLanguage":"de"},{"@type":"Person","@id":"https:\/\/test.ovwritt.com\/#\/schema\/person\/031cb12ded16fee6bce74e7c5cedeaf3","name":"peter","image":{"@type":"ImageObject","inLanguage":"de","@id":"https:\/\/test.ovwritt.com\/#\/schema\/person\/image\/","url":"https:\/\/secure.gravatar.com\/avatar\/2eae265c446abfdba86ec66bd3e380742665f8cdecebf424d120579481b11584?s=96&d=mm&r=g","contentUrl":"https:\/\/secure.gravatar.com\/avatar\/2eae265c446abfdba86ec66bd3e380742665f8cdecebf424d120579481b11584?s=96&d=mm&r=g","caption":"peter"},"url":"https:\/\/test.ovwritt.com\/author\/peter\/"}]}},"_links":{"self":[{"href":"https:\/\/test.ovwritt.com\/json\/wp\/v2\/posts\/754","targetHints":{"allow":["GET"]}}],"collection":[{"href":"https:\/\/test.ovwritt.com\/json\/wp\/v2\/posts"}],"about":[{"href":"https:\/\/test.ovwritt.com\/json\/wp\/v2\/types\/post"}],"author":[{"embeddable":true,"href":"https:\/\/test.ovwritt.com\/json\/wp\/v2\/users\/2"}],"replies":[{"embeddable":true,"href":"https:\/\/test.ovwritt.com\/json\/wp\/v2\/comments?post=754"}],"version-history":[{"count":13,"href":"https:\/\/test.ovwritt.com\/json\/wp\/v2\/posts\/754\/revisions"}],"predecessor-version":[{"id":794,"href":"https:\/\/test.ovwritt.com\/json\/wp\/v2\/posts\/754\/revisions\/794"}],"wp:featuredmedia":[{"embeddable":true,"href":"https:\/\/test.ovwritt.com\/json\/wp\/v2\/media\/748"}],"wp:attachment":[{"href":"https:\/\/test.ovwritt.com\/json\/wp\/v2\/media?parent=754"}],"wp:term":[{"taxonomy":"category","embeddable":true,"href":"https:\/\/test.ovwritt.com\/json\/wp\/v2\/categories?post=754"},{"taxonomy":"post_tag","embeddable":true,"href":"https:\/\/test.ovwritt.com\/json\/wp\/v2\/tags?post=754"}],"curies":[{"name":"wp","href":"https:\/\/api.w.org\/{rel}","templated":true}]}}