{"id":7073,"date":"2024-05-23T19:33:51","date_gmt":"2024-05-23T17:33:51","guid":{"rendered":"https:\/\/test.ovwritt.com\/?p=7073"},"modified":"2024-05-23T19:42:08","modified_gmt":"2024-05-23T17:42:08","slug":"programma-cerimonia-dapertura-con-corteo","status":"publish","type":"post","link":"https:\/\/test.ovwritt.com\/it\/novita\/programma-cerimonia-dapertura-con-corteo\/","title":{"rendered":"Programma Cerimonia d\u2019apertura con corteo"},"content":{"rendered":"<a class=\"uk-button uk-button-default uk-float-right\" href=\"\/wp-content\/uploads\/2024\/05\/umzug2024_onlineversion.pdf\" target=\"_blank\"><span class=\"uuk-margin-small-right uk-icon\" uk-icon=\"file-pdf\"><\/span>&nbsp;Flyer Umzug<\/a>\n<p>&nbsp;<\/p>\n<p>&nbsp;<\/p>\n<p>Qui trova il volantino della Cerimonia d\u2019apertura con corteo delle 36 squadre partecipanti e grande festa a Siusi allo Sciliar, nonch\u00e8 il programma per il 24.05.2024, 25.05.2024 e 26.05.2024<\/p>\n<div class=\"notranslate\" style=\"all: initial;\"><\/div>\n","protected":false},"excerpt":{"rendered":"<p>&nbsp; &nbsp; Qui trova il volantino della Cerimonia d\u2019apertura con corteo delle 36 squadre partecipanti e grande festa a Siusi allo Sciliar, nonch\u00e8 il programma per il 24.05.2024, 25.05.2024 e 26.05.2024<\/p>\n","protected":false},"author":3,"featured_media":7091,"comment_status":"open","ping_status":"closed","sticky":false,"template":"","format":"standard","meta":{"_acf_changed":false,"footnotes":""},"categories":[1],"tags":[],"class_list":["post-7073","post","type-post","status-publish","format-standard","has-post-thumbnail","hentry","category-novita"],"acf":[],"yoast_head":"<!-- This site is optimized with the Yoast SEO plugin v27.1.1 - https:\/\/yoast.com\/product\/yoast-seo-wordpress\/ -->\n<title>Programma Cerimonia d\u2019apertura con corteo - Der Oswald von Wolkenstein Ritt<\/title>\n<meta name=\"robots\" content=\"noindex, follow, max-snippet:-1, max-image-preview:large, max-video-preview:-1\" \/>\n<meta property=\"og:locale\" content=\"de_DE\" \/>\n<meta property=\"og:type\" content=\"article\" \/>\n<meta property=\"og:title\" content=\"Programma Cerimonia d\u2019apertura con corteo - Der Oswald von Wolkenstein Ritt\" \/>\n<meta property=\"og:description\" content=\"&nbsp; &nbsp; Qui trova il volantino della Cerimonia d\u2019apertura con corteo delle 36 squadre partecipanti e grande festa a Siusi allo Sciliar, nonch\u00e8 il programma per il 24.05.2024, 25.05.2024 e 26.05.2024\" \/>\n<meta property=\"og:url\" content=\"https:\/\/test.ovwritt.com\/it\/novita\/programma-cerimonia-dapertura-con-corteo\/\" \/>\n<meta property=\"og:site_name\" content=\"Der Oswald von Wolkenstein Ritt\" \/>\n<meta property=\"article:publisher\" content=\"https:\/\/www.facebook.com\/ovwritt\/\" \/>\n<meta property=\"article:published_time\" content=\"2024-05-23T17:33:51+00:00\" \/>\n<meta property=\"article:modified_time\" content=\"2024-05-23T17:42:08+00:00\" \/>\n<meta property=\"og:image\" content=\"https:\/\/test.ovwritt.com\/wp-content\/uploads\/2024\/05\/NZ73046-scaled.jpg\" \/>\n\t<meta property=\"og:image:width\" content=\"2560\" \/>\n\t<meta property=\"og:image:height\" content=\"1707\" \/>\n\t<meta property=\"og:image:type\" content=\"image\/jpeg\" \/>\n<meta name=\"author\" content=\"julia\" \/>\n<meta name=\"twitter:label1\" content=\"Verfasst von\" \/>\n\t<meta name=\"twitter:data1\" content=\"julia\" \/>\n\t<meta name=\"twitter:label2\" content=\"Gesch\u00e4tzte Lesezeit\" \/>\n\t<meta name=\"twitter:data2\" content=\"1\u00a0Minute\" \/>\n<script type=\"application\/ld+json\" class=\"yoast-schema-graph\">{\"@context\":\"https:\/\/schema.org\",\"@graph\":[{\"@type\":\"Article\",\"@id\":\"https:\/\/test.ovwritt.com\/it\/novita\/programma-cerimonia-dapertura-con-corteo\/#article\",\"isPartOf\":{\"@id\":\"https:\/\/test.ovwritt.com\/it\/novita\/programma-cerimonia-dapertura-con-corteo\/\"},\"author\":{\"name\":\"julia\",\"@id\":\"https:\/\/test.ovwritt.com\/#\/schema\/person\/4d1f08eeb0279bb874f28bfb8045519b\"},\"headline\":\"Programma Cerimonia d\u2019apertura con corteo\",\"datePublished\":\"2024-05-23T17:33:51+00:00\",\"dateModified\":\"2024-05-23T17:42:08+00:00\",\"mainEntityOfPage\":{\"@id\":\"https:\/\/test.ovwritt.com\/it\/novita\/programma-cerimonia-dapertura-con-corteo\/\"},\"wordCount\":45,\"commentCount\":0,\"image\":{\"@id\":\"https:\/\/test.ovwritt.com\/it\/novita\/programma-cerimonia-dapertura-con-corteo\/#primaryimage\"},\"thumbnailUrl\":\"https:\/\/test.ovwritt.com\/wp-content\/uploads\/2024\/05\/NZ73046-scaled.jpg\",\"articleSection\":[\"Novit\u00e0\"],\"inLanguage\":\"de\",\"potentialAction\":[{\"@type\":\"CommentAction\",\"name\":\"Comment\",\"target\":[\"https:\/\/test.ovwritt.com\/it\/novita\/programma-cerimonia-dapertura-con-corteo\/#respond\"]}]},{\"@type\":\"WebPage\",\"@id\":\"https:\/\/test.ovwritt.com\/it\/novita\/programma-cerimonia-dapertura-con-corteo\/\",\"url\":\"https:\/\/test.ovwritt.com\/it\/novita\/programma-cerimonia-dapertura-con-corteo\/\",\"name\":\"Programma Cerimonia d\u2019apertura con corteo - Der Oswald von Wolkenstein Ritt\",\"isPartOf\":{\"@id\":\"https:\/\/test.ovwritt.com\/#website\"},\"primaryImageOfPage\":{\"@id\":\"https:\/\/test.ovwritt.com\/it\/novita\/programma-cerimonia-dapertura-con-corteo\/#primaryimage\"},\"image\":{\"@id\":\"https:\/\/test.ovwritt.com\/it\/novita\/programma-cerimonia-dapertura-con-corteo\/#primaryimage\"},\"thumbnailUrl\":\"https:\/\/test.ovwritt.com\/wp-content\/uploads\/2024\/05\/NZ73046-scaled.jpg\",\"datePublished\":\"2024-05-23T17:33:51+00:00\",\"dateModified\":\"2024-05-23T17:42:08+00:00\",\"author\":{\"@id\":\"https:\/\/test.ovwritt.com\/#\/schema\/person\/4d1f08eeb0279bb874f28bfb8045519b\"},\"breadcrumb\":{\"@id\":\"https:\/\/test.ovwritt.com\/it\/novita\/programma-cerimonia-dapertura-con-corteo\/#breadcrumb\"},\"inLanguage\":\"de\",\"potentialAction\":[{\"@type\":\"ReadAction\",\"target\":[\"https:\/\/test.ovwritt.com\/it\/novita\/programma-cerimonia-dapertura-con-corteo\/\"]}]},{\"@type\":\"ImageObject\",\"inLanguage\":\"de\",\"@id\":\"https:\/\/test.ovwritt.com\/it\/novita\/programma-cerimonia-dapertura-con-corteo\/#primaryimage\",\"url\":\"https:\/\/test.ovwritt.com\/wp-content\/uploads\/2024\/05\/NZ73046-scaled.jpg\",\"contentUrl\":\"https:\/\/test.ovwritt.com\/wp-content\/uploads\/2024\/05\/NZ73046-scaled.jpg\",\"width\":2560,\"height\":1707},{\"@type\":\"BreadcrumbList\",\"@id\":\"https:\/\/test.ovwritt.com\/it\/novita\/programma-cerimonia-dapertura-con-corteo\/#breadcrumb\",\"itemListElement\":[{\"@type\":\"ListItem\",\"position\":1,\"name\":\"Startseite\",\"item\":\"https:\/\/test.ovwritt.com\/\"},{\"@type\":\"ListItem\",\"position\":2,\"name\":\"Programma Cerimonia d\u2019apertura con corteo\"}]},{\"@type\":\"WebSite\",\"@id\":\"https:\/\/test.ovwritt.com\/#website\",\"url\":\"https:\/\/test.ovwritt.com\/\",\"name\":\"Der Oswald von Wolkenstein Ritt\",\"description\":\"Das gr\u00f6\u00dfte Reitspektakel S\u00fcdtirols\",\"potentialAction\":[{\"@type\":\"SearchAction\",\"target\":{\"@type\":\"EntryPoint\",\"urlTemplate\":\"https:\/\/test.ovwritt.com\/?s={search_term_string}\"},\"query-input\":{\"@type\":\"PropertyValueSpecification\",\"valueRequired\":true,\"valueName\":\"search_term_string\"}}],\"inLanguage\":\"de\"},{\"@type\":\"Person\",\"@id\":\"https:\/\/test.ovwritt.com\/#\/schema\/person\/4d1f08eeb0279bb874f28bfb8045519b\",\"name\":\"julia\",\"image\":{\"@type\":\"ImageObject\",\"inLanguage\":\"de\",\"@id\":\"https:\/\/test.ovwritt.com\/#\/schema\/person\/image\/\",\"url\":\"https:\/\/secure.gravatar.com\/avatar\/d3c14c9f6c3719dc78878fb8d9292bf2525aab494cfdb2503ef589792aa3d4e6?s=96&d=mm&r=g\",\"contentUrl\":\"https:\/\/secure.gravatar.com\/avatar\/d3c14c9f6c3719dc78878fb8d9292bf2525aab494cfdb2503ef589792aa3d4e6?s=96&d=mm&r=g\",\"caption\":\"julia\"},\"url\":\"https:\/\/test.ovwritt.com\/author\/julia\/\"}]}<\/script>\n<!-- \/ Yoast SEO plugin. -->","yoast_head_json":{"title":"Programma Cerimonia d\u2019apertura con corteo - Der Oswald von Wolkenstein Ritt","robots":{"index":"noindex","follow":"follow","max-snippet":"max-snippet:-1","max-image-preview":"max-image-preview:large","max-video-preview":"max-video-preview:-1"},"og_locale":"de_DE","og_type":"article","og_title":"Programma Cerimonia d\u2019apertura con corteo - Der Oswald von Wolkenstein Ritt","og_description":"&nbsp; &nbsp; Qui trova il volantino della Cerimonia d\u2019apertura con corteo delle 36 squadre partecipanti e grande festa a Siusi allo Sciliar, nonch\u00e8 il programma per il 24.05.2024, 25.05.2024 e 26.05.2024","og_url":"https:\/\/test.ovwritt.com\/it\/novita\/programma-cerimonia-dapertura-con-corteo\/","og_site_name":"Der Oswald von Wolkenstein Ritt","article_publisher":"https:\/\/www.facebook.com\/ovwritt\/","article_published_time":"2024-05-23T17:33:51+00:00","article_modified_time":"2024-05-23T17:42:08+00:00","og_image":[{"width":2560,"height":1707,"url":"https:\/\/test.ovwritt.com\/wp-content\/uploads\/2024\/05\/NZ73046-scaled.jpg","type":"image\/jpeg"}],"author":"julia","twitter_misc":{"Verfasst von":"julia","Gesch\u00e4tzte Lesezeit":"1\u00a0Minute"},"schema":{"@context":"https:\/\/schema.org","@graph":[{"@type":"Article","@id":"https:\/\/test.ovwritt.com\/it\/novita\/programma-cerimonia-dapertura-con-corteo\/#article","isPartOf":{"@id":"https:\/\/test.ovwritt.com\/it\/novita\/programma-cerimonia-dapertura-con-corteo\/"},"author":{"name":"julia","@id":"https:\/\/test.ovwritt.com\/#\/schema\/person\/4d1f08eeb0279bb874f28bfb8045519b"},"headline":"Programma Cerimonia d\u2019apertura con corteo","datePublished":"2024-05-23T17:33:51+00:00","dateModified":"2024-05-23T17:42:08+00:00","mainEntityOfPage":{"@id":"https:\/\/test.ovwritt.com\/it\/novita\/programma-cerimonia-dapertura-con-corteo\/"},"wordCount":45,"commentCount":0,"image":{"@id":"https:\/\/test.ovwritt.com\/it\/novita\/programma-cerimonia-dapertura-con-corteo\/#primaryimage"},"thumbnailUrl":"https:\/\/test.ovwritt.com\/wp-content\/uploads\/2024\/05\/NZ73046-scaled.jpg","articleSection":["Novit\u00e0"],"inLanguage":"de","potentialAction":[{"@type":"CommentAction","name":"Comment","target":["https:\/\/test.ovwritt.com\/it\/novita\/programma-cerimonia-dapertura-con-corteo\/#respond"]}]},{"@type":"WebPage","@id":"https:\/\/test.ovwritt.com\/it\/novita\/programma-cerimonia-dapertura-con-corteo\/","url":"https:\/\/test.ovwritt.com\/it\/novita\/programma-cerimonia-dapertura-con-corteo\/","name":"Programma Cerimonia d\u2019apertura con corteo - Der Oswald von Wolkenstein Ritt","isPartOf":{"@id":"https:\/\/test.ovwritt.com\/#website"},"primaryImageOfPage":{"@id":"https:\/\/test.ovwritt.com\/it\/novita\/programma-cerimonia-dapertura-con-corteo\/#primaryimage"},"image":{"@id":"https:\/\/test.ovwritt.com\/it\/novita\/programma-cerimonia-dapertura-con-corteo\/#primaryimage"},"thumbnailUrl":"https:\/\/test.ovwritt.com\/wp-content\/uploads\/2024\/05\/NZ73046-scaled.jpg","datePublished":"2024-05-23T17:33:51+00:00","dateModified":"2024-05-23T17:42:08+00:00","author":{"@id":"https:\/\/test.ovwritt.com\/#\/schema\/person\/4d1f08eeb0279bb874f28bfb8045519b"},"breadcrumb":{"@id":"https:\/\/test.ovwritt.com\/it\/novita\/programma-cerimonia-dapertura-con-corteo\/#breadcrumb"},"inLanguage":"de","potentialAction":[{"@type":"ReadAction","target":["https:\/\/test.ovwritt.com\/it\/novita\/programma-cerimonia-dapertura-con-corteo\/"]}]},{"@type":"ImageObject","inLanguage":"de","@id":"https:\/\/test.ovwritt.com\/it\/novita\/programma-cerimonia-dapertura-con-corteo\/#primaryimage","url":"https:\/\/test.ovwritt.com\/wp-content\/uploads\/2024\/05\/NZ73046-scaled.jpg","contentUrl":"https:\/\/test.ovwritt.com\/wp-content\/uploads\/2024\/05\/NZ73046-scaled.jpg","width":2560,"height":1707},{"@type":"BreadcrumbList","@id":"https:\/\/test.ovwritt.com\/it\/novita\/programma-cerimonia-dapertura-con-corteo\/#breadcrumb","itemListElement":[{"@type":"ListItem","position":1,"name":"Startseite","item":"https:\/\/test.ovwritt.com\/"},{"@type":"ListItem","position":2,"name":"Programma Cerimonia d\u2019apertura con corteo"}]},{"@type":"WebSite","@id":"https:\/\/test.ovwritt.com\/#website","url":"https:\/\/test.ovwritt.com\/","name":"Der Oswald von Wolkenstein Ritt","description":"Das gr\u00f6\u00dfte Reitspektakel S\u00fcdtirols","potentialAction":[{"@type":"SearchAction","target":{"@type":"EntryPoint","urlTemplate":"https:\/\/test.ovwritt.com\/?s={search_term_string}"},"query-input":{"@type":"PropertyValueSpecification","valueRequired":true,"valueName":"search_term_string"}}],"inLanguage":"de"},{"@type":"Person","@id":"https:\/\/test.ovwritt.com\/#\/schema\/person\/4d1f08eeb0279bb874f28bfb8045519b","name":"julia","image":{"@type":"ImageObject","inLanguage":"de","@id":"https:\/\/test.ovwritt.com\/#\/schema\/person\/image\/","url":"https:\/\/secure.gravatar.com\/avatar\/d3c14c9f6c3719dc78878fb8d9292bf2525aab494cfdb2503ef589792aa3d4e6?s=96&d=mm&r=g","contentUrl":"https:\/\/secure.gravatar.com\/avatar\/d3c14c9f6c3719dc78878fb8d9292bf2525aab494cfdb2503ef589792aa3d4e6?s=96&d=mm&r=g","caption":"julia"},"url":"https:\/\/test.ovwritt.com\/author\/julia\/"}]}},"_links":{"self":[{"href":"https:\/\/test.ovwritt.com\/json\/wp\/v2\/posts\/7073","targetHints":{"allow":["GET"]}}],"collection":[{"href":"https:\/\/test.ovwritt.com\/json\/wp\/v2\/posts"}],"about":[{"href":"https:\/\/test.ovwritt.com\/json\/wp\/v2\/types\/post"}],"author":[{"embeddable":true,"href":"https:\/\/test.ovwritt.com\/json\/wp\/v2\/users\/3"}],"replies":[{"embeddable":true,"href":"https:\/\/test.ovwritt.com\/json\/wp\/v2\/comments?post=7073"}],"version-history":[{"count":9,"href":"https:\/\/test.ovwritt.com\/json\/wp\/v2\/posts\/7073\/revisions"}],"predecessor-version":[{"id":7095,"href":"https:\/\/test.ovwritt.com\/json\/wp\/v2\/posts\/7073\/revisions\/7095"}],"wp:featuredmedia":[{"embeddable":true,"href":"https:\/\/test.ovwritt.com\/json\/wp\/v2\/media\/7091"}],"wp:attachment":[{"href":"https:\/\/test.ovwritt.com\/json\/wp\/v2\/media?parent=7073"}],"wp:term":[{"taxonomy":"category","embeddable":true,"href":"https:\/\/test.ovwritt.com\/json\/wp\/v2\/categories?post=7073"},{"taxonomy":"post_tag","embeddable":true,"href":"https:\/\/test.ovwritt.com\/json\/wp\/v2\/tags?post=7073"}],"curies":[{"name":"wp","href":"https:\/\/api.w.org\/{rel}","templated":true}]}}