{"id":7046,"date":"2024-05-13T21:56:01","date_gmt":"2024-05-13T19:56:01","guid":{"rendered":"https:\/\/test.ovwritt.com\/?p=7046"},"modified":"2024-05-23T19:25:39","modified_gmt":"2024-05-23T17:25:39","slug":"squadre-partecipanti-2024","status":"publish","type":"post","link":"https:\/\/test.ovwritt.com\/it\/novita\/squadre-partecipanti-2024\/","title":{"rendered":"Squadre partecipanti 2024"},"content":{"rendered":"<div>\n<p><strong>ATTENZIONE:\u00a0<\/strong>non \u00e8 l\u2019ordine di partenza della Cavalcata di Oswald von Wolkenstein, soltanto un\u2019elenco<\/p>\n<p><strong>L\u2019ordine di partenza verr\u00e0 presentato venerdi, alle ore 18.00 alla cerimonia di apertura della festa con spillazura del fusto di birra in Piazza Oswald von Wolkenstein a Siusi (offerto dalla birreria Forst di Lagundo) e successivamente pubblicato <\/strong><\/p>\n<\/div>\n<ul class=\"uk-list-striped\">\n<li>\n<div>\n<p>Appiano Cornaiano<\/p>\n<\/div>\n<\/li>\n<li>\n<div>\n<p>Avelengo<\/p>\n<\/div>\n<\/li>\n<li>\n<div>\n<p>Barbiano<\/p>\n<\/div>\n<\/li>\n<li>\n<div>\n<p>Bolzano<\/p>\n<\/div>\n<\/li>\n<li>\n<div>\n<p>Caldaro<\/p>\n<\/div>\n<\/li>\n<li>\n<div>\n<p>Castelrotto Alpe di Siusi 1<\/p>\n<\/div>\n<\/li>\n<li>\n<div>\n<p>Castelrotto Brembach<\/p>\n<\/div>\n<\/li>\n<li>\n<div>\n<p>Castelrotto Hauenstein<\/p>\n<\/div>\n<\/li>\n<li>\n<div>\n<p>Castelrotto K\u00f6nigswarte<\/p>\n<\/div>\n<\/li>\n<li>\n<div>\n<p>Castelrotto Paese<\/p>\n<\/div>\n<\/li>\n<li>\n<div>\n<p>Castelrotto Roncadizza<\/p>\n<\/div>\n<\/li>\n<li>\n<div>\n<p>Castelrotto S. Osvaldo<\/p>\n<\/div>\n<\/li>\n<li>\n<div>\n<p>Castelrotto S. Valentino 2<\/p>\n<\/div>\n<\/li>\n<li>\n<div>\n<p>Castelrotto Siusi<\/p>\n<\/div>\n<\/li>\n<li>\n<div>\n<p>Castelrotto Telfen<\/p>\n<\/div>\n<\/li>\n<li>\n<div>\n<p>Castelrotto Tisana 2<\/p>\n<\/div>\n<\/li>\n<li>\n<div>\n<p>Fi\u00e8 Aica di Fi\u00e8<\/p>\n<\/div>\n<\/li>\n<li>\n<div>\n<p>Fi\u00e8 Fi\u00e8 di Sopra<\/p>\n<\/div>\n<\/li>\n<li>\n<div>\n<p>Laion 1<\/p>\n<\/div>\n<\/li>\n<li>\n<div>\n<p>Laion Albions<\/p>\n<\/div>\n<\/li>\n<li>\n<div>\n<p>Laives<\/p>\n<\/div>\n<\/li>\n<li>\n<div>\n<p>Meltina Frassineto<\/p>\n<\/div>\n<\/li>\n<li>\n<div>\n<p>Nova Levante Carezza<\/p>\n<\/div>\n<\/li>\n<li>\n<div>\n<p>Ponte Gardena<\/p>\n<\/div>\n<\/li>\n<li>\n<div>\n<p>Renon<\/p>\n<\/div>\n<\/li>\n<li>\n<div>\n<p>Renon Signato<\/p>\n<\/div>\n<\/li>\n<li>\n<div>\n<p>San Genesio Cologna<\/p>\n<\/div>\n<\/li>\n<li>\n<div>\n<p>San Genesio Montoppio<\/p>\n<\/div>\n<\/li>\n<li>\n<div>\n<p>Sarentino paese<\/p>\n<\/div>\n<\/li>\n<li>\n<div>\n<p>Sarentino Rabenstein<\/p>\n<\/div>\n<\/li>\n<li>\n<div>\n<p>Sarentino Rohranger<\/p>\n<\/div>\n<\/li>\n<li>\n<div>\n<p>Sarentino Selva di Vormes<\/p>\n<\/div>\n<\/li>\n<li>\n<div>\n<p>Sarentino Valdurna<\/p>\n<\/div>\n<\/li>\n<li>\n<div>\n<p>Sarentino Villa<\/p>\n<\/div>\n<\/li>\n<li>\n<div>\n<p>Termeno<\/p>\n<\/div>\n<\/li>\n<li>\n<div>\n<p>Verano<\/p>\n<\/div>\n<\/li>\n<\/ul>\n<p><!--more--><br \/>\n<!-- {\"type\":\"layout\",\"children\":[{\"type\":\"section\",\"props\":{\"image_position\":\"center-center\",\"style\":\"default\",\"title_breakpoint\":\"xl\",\"title_position\":\"top-left\",\"title_rotation\":\"left\",\"vertical_align\":\"middle\",\"width\":\"default\"},\"children\":[{\"type\":\"row\",\"children\":[{\"type\":\"column\",\"props\":{\"image_position\":\"center-center\",\"position_sticky_breakpoint\":\"m\"},\"children\":[{\"type\":\"text\",\"props\":{\"column_breakpoint\":\"m\",\"content\":\"\n\n<p><strong>ATTENZIONE:\\u00a0<\\\/strong>non \\u00e8 l\\u2019ordine di partenza della Cavalcata di Oswald von Wolkenstein, soltanto un\\u2019elenco<\\\/p>\\n\n\n<p><strong>L\\u2019ordine di partenza verr\\u00e0 presentato venerdi, alle ore 18.00 alla cerimonia di apertura della festa con spillazura del fusto di birra in Piazza Oswald von Wolkenstein a Siusi (offerto dalla birreria Forst di Lagundo) e successivamente pubblicato <\\\/strong><\\\/p>\",\"margin\":\"default\"}},{\"type\":\"list\",\"props\":{\"column_breakpoint\":\"m\",\"image_align\":\"left\",\"image_svg_color\":\"emphasis\",\"image_vertical_align\":true,\"list_element\":\"ul\",\"list_horizontal_separator\":\", \",\"list_type\":\"vertical\",\"show_image\":true,\"show_link\":true,\"text_align\":\"center\"},\"children\":[{\"type\":\"list_item\",\"props\":{\"content\":\"\n\n<p>Appiano Cornaiano<\\\/p>\"}},{\"type\":\"list_item\",\"props\":{\"content\":\"\n\n<p>Avelengo<\\\/p>\"}},{\"type\":\"list_item\",\"props\":{\"content\":\"\n\n<p>Barbiano<\\\/p>\"}},{\"type\":\"list_item\",\"props\":{\"content\":\"\n\n<p>Bolzano<\\\/p>\"}},{\"type\":\"list_item\",\"props\":{\"content\":\"\n\n<p>Caldaro<\\\/p>\"}},{\"type\":\"list_item\",\"props\":{\"content\":\"\n\n<p>Castelrotto Alpe di Siusi 1<\\\/p>\"}},{\"type\":\"list_item\",\"props\":{\"content\":\"\n\n<p>Castelrotto Brembach<\\\/p>\"}},{\"type\":\"list_item\",\"props\":{\"content\":\"\n\n<p>Castelrotto Hauenstein<\\\/p>\"}},{\"type\":\"list_item\",\"props\":{\"content\":\"\n\n<p>Castelrotto K\\u00f6nigswarte<\\\/p>\"}},{\"type\":\"list_item\",\"props\":{\"content\":\"\n\n<p>Castelrotto Paese<\\\/p>\"}},{\"type\":\"list_item\",\"props\":{\"content\":\"\n\n<p>Castelrotto Roncadizza<\\\/p>\"}},{\"type\":\"list_item\",\"props\":{\"content\":\"\n\n<p>Castelrotto S. Osvaldo<\\\/p>\"}},{\"type\":\"list_item\",\"props\":{\"content\":\"\n\n<p>Castelrotto S. Valentino 2<\\\/p>\"}},{\"type\":\"list_item\",\"props\":{\"content\":\"\n\n<p>Castelrotto Siusi<\\\/p>\"}},{\"type\":\"list_item\",\"props\":{\"content\":\"\n\n<p>Castelrotto Telfen<\\\/p>\"}},{\"type\":\"list_item\",\"props\":{\"content\":\"\n\n<p>Castelrotto Tisana 2<\\\/p>\"}},{\"type\":\"list_item\",\"props\":{\"content\":\"\n\n<p>Fi\\u00e8 Aica di Fi\\u00e8<\\\/p>\"}},{\"type\":\"list_item\",\"props\":{\"content\":\"\n\n<p>Fi\\u00e8 Fi\\u00e8 di Sopra<\\\/p>\"}},{\"type\":\"list_item\",\"props\":{\"content\":\"\n\n<p>Laion 1<\\\/p>\"}},{\"type\":\"list_item\",\"props\":{\"content\":\"\n\n<p>Laion Albions<\\\/p>\"}},{\"type\":\"list_item\",\"props\":{\"content\":\"\n\n<p>Laives<\\\/p>\"}},{\"type\":\"list_item\",\"props\":{\"content\":\"\n\n<p>Meltina Frassineto<\\\/p>\"}},{\"type\":\"list_item\",\"props\":{\"content\":\"\n\n<p>Nova Levante Carezza<\\\/p>\"}},{\"type\":\"list_item\",\"props\":{\"content\":\"\n\n<p>Ponte Gardena<\\\/p>\"}},{\"type\":\"list_item\",\"props\":{\"content\":\"\n\n<p>Renon<\\\/p>\"}},{\"type\":\"list_item\",\"props\":{\"content\":\"\n\n<p>Renon Signato<\\\/p>\"}},{\"type\":\"list_item\",\"props\":{\"content\":\"\n\n<p>San Genesio Cologna<\\\/p>\"}},{\"type\":\"list_item\",\"props\":{\"content\":\"\n\n<p>San Genesio Montoppio<\\\/p>\"}},{\"type\":\"list_item\",\"props\":{\"content\":\"\n\n<p>Sarentino paese<\\\/p>\"}},{\"type\":\"list_item\",\"props\":{\"content\":\"\n\n<p>Sarentino Rabenstein<\\\/p>\"}},{\"type\":\"list_item\",\"props\":{\"content\":\"\n\n<p>Sarentino Rohranger<\\\/p>\"}},{\"type\":\"list_item\",\"props\":{\"content\":\"\n\n<p>Sarentino Selva di Vormes<\\\/p>\"}},{\"type\":\"list_item\",\"props\":{\"content\":\"\n\n<p>Sarentino Valdurna<\\\/p>\"}},{\"type\":\"list_item\",\"props\":{\"content\":\"\n\n<p>Sarentino Villa<\\\/p>\"}},{\"type\":\"list_item\",\"props\":{\"content\":\"\n\n<p>Termeno<\\\/p>\"}},{\"type\":\"list_item\",\"props\":{\"content\":\"\n\n<p>Verano<\\\/p>\"}}]}]}]}]}],\"version\":\"4.3.11\"} --><\/p>\n","protected":false},"excerpt":{"rendered":"<p>ATTENZIONE:\u00a0non \u00e8 l\u2019ordine di partenza della Cavalcata di Oswald von Wolkenstein, soltanto un\u2019elenco L\u2019ordine di partenza verr\u00e0 presentato venerdi, alle ore 18.00 alla cerimonia di apertura della festa con spillazura del fusto di birra in Piazza Oswald von Wolkenstein a Siusi (offerto dalla birreria Forst di Lagundo) e successivamente pubblicato Appiano Cornaiano Avelengo Barbiano Bolzano [&hellip;]<\/p>\n","protected":false},"author":3,"featured_media":2634,"comment_status":"open","ping_status":"closed","sticky":false,"template":"","format":"standard","meta":{"_acf_changed":false,"footnotes":""},"categories":[1],"tags":[],"class_list":["post-7046","post","type-post","status-publish","format-standard","has-post-thumbnail","hentry","category-novita"],"acf":[],"yoast_head":"<!-- This site is optimized with the Yoast SEO plugin v27.1.1 - https:\/\/yoast.com\/product\/yoast-seo-wordpress\/ -->\n<title>Squadre partecipanti 2024 - Der Oswald von Wolkenstein Ritt<\/title>\n<meta name=\"robots\" content=\"noindex, follow, max-snippet:-1, max-image-preview:large, max-video-preview:-1\" \/>\n<meta property=\"og:locale\" content=\"de_DE\" \/>\n<meta property=\"og:type\" content=\"article\" \/>\n<meta property=\"og:title\" content=\"Squadre partecipanti 2024 - Der Oswald von Wolkenstein Ritt\" \/>\n<meta property=\"og:description\" content=\"ATTENZIONE:\u00a0non \u00e8 l\u2019ordine di partenza della Cavalcata di Oswald von Wolkenstein, soltanto un\u2019elenco L\u2019ordine di partenza verr\u00e0 presentato venerdi, alle ore 18.00 alla cerimonia di apertura della festa con spillazura del fusto di birra in Piazza Oswald von Wolkenstein a Siusi (offerto dalla birreria Forst di Lagundo) e successivamente pubblicato Appiano Cornaiano Avelengo Barbiano Bolzano [&hellip;]\" \/>\n<meta property=\"og:url\" content=\"https:\/\/test.ovwritt.com\/it\/novita\/squadre-partecipanti-2024\/\" \/>\n<meta property=\"og:site_name\" content=\"Der Oswald von Wolkenstein Ritt\" \/>\n<meta property=\"article:publisher\" content=\"https:\/\/www.facebook.com\/ovwritt\/\" \/>\n<meta property=\"article:published_time\" content=\"2024-05-13T19:56:01+00:00\" \/>\n<meta property=\"article:modified_time\" content=\"2024-05-23T17:25:39+00:00\" \/>\n<meta property=\"og:image\" content=\"https:\/\/test.ovwritt.com\/wp-content\/uploads\/2019\/06\/seis.jpg\" \/>\n\t<meta property=\"og:image:width\" content=\"1920\" \/>\n\t<meta property=\"og:image:height\" content=\"951\" \/>\n\t<meta property=\"og:image:type\" content=\"image\/jpeg\" \/>\n<meta name=\"author\" content=\"julia\" \/>\n<meta name=\"twitter:label1\" content=\"Verfasst von\" \/>\n\t<meta name=\"twitter:data1\" content=\"julia\" \/>\n<script type=\"application\/ld+json\" class=\"yoast-schema-graph\">{\"@context\":\"https:\/\/schema.org\",\"@graph\":[{\"@type\":\"Article\",\"@id\":\"https:\/\/test.ovwritt.com\/it\/novita\/squadre-partecipanti-2024\/#article\",\"isPartOf\":{\"@id\":\"https:\/\/test.ovwritt.com\/it\/novita\/squadre-partecipanti-2024\/\"},\"author\":{\"name\":\"julia\",\"@id\":\"https:\/\/test.ovwritt.com\/#\/schema\/person\/4d1f08eeb0279bb874f28bfb8045519b\"},\"headline\":\"Squadre partecipanti 2024\",\"datePublished\":\"2024-05-13T19:56:01+00:00\",\"dateModified\":\"2024-05-23T17:25:39+00:00\",\"mainEntityOfPage\":{\"@id\":\"https:\/\/test.ovwritt.com\/it\/novita\/squadre-partecipanti-2024\/\"},\"wordCount\":131,\"commentCount\":0,\"image\":{\"@id\":\"https:\/\/test.ovwritt.com\/it\/novita\/squadre-partecipanti-2024\/#primaryimage\"},\"thumbnailUrl\":\"https:\/\/test.ovwritt.com\/wp-content\/uploads\/2019\/06\/seis.jpg\",\"articleSection\":[\"Novit\u00e0\"],\"inLanguage\":\"de\",\"potentialAction\":[{\"@type\":\"CommentAction\",\"name\":\"Comment\",\"target\":[\"https:\/\/test.ovwritt.com\/it\/novita\/squadre-partecipanti-2024\/#respond\"]}]},{\"@type\":\"WebPage\",\"@id\":\"https:\/\/test.ovwritt.com\/it\/novita\/squadre-partecipanti-2024\/\",\"url\":\"https:\/\/test.ovwritt.com\/it\/novita\/squadre-partecipanti-2024\/\",\"name\":\"Squadre partecipanti 2024 - Der Oswald von Wolkenstein Ritt\",\"isPartOf\":{\"@id\":\"https:\/\/test.ovwritt.com\/#website\"},\"primaryImageOfPage\":{\"@id\":\"https:\/\/test.ovwritt.com\/it\/novita\/squadre-partecipanti-2024\/#primaryimage\"},\"image\":{\"@id\":\"https:\/\/test.ovwritt.com\/it\/novita\/squadre-partecipanti-2024\/#primaryimage\"},\"thumbnailUrl\":\"https:\/\/test.ovwritt.com\/wp-content\/uploads\/2019\/06\/seis.jpg\",\"datePublished\":\"2024-05-13T19:56:01+00:00\",\"dateModified\":\"2024-05-23T17:25:39+00:00\",\"author\":{\"@id\":\"https:\/\/test.ovwritt.com\/#\/schema\/person\/4d1f08eeb0279bb874f28bfb8045519b\"},\"breadcrumb\":{\"@id\":\"https:\/\/test.ovwritt.com\/it\/novita\/squadre-partecipanti-2024\/#breadcrumb\"},\"inLanguage\":\"de\",\"potentialAction\":[{\"@type\":\"ReadAction\",\"target\":[\"https:\/\/test.ovwritt.com\/it\/novita\/squadre-partecipanti-2024\/\"]}]},{\"@type\":\"ImageObject\",\"inLanguage\":\"de\",\"@id\":\"https:\/\/test.ovwritt.com\/it\/novita\/squadre-partecipanti-2024\/#primaryimage\",\"url\":\"https:\/\/test.ovwritt.com\/wp-content\/uploads\/2019\/06\/seis.jpg\",\"contentUrl\":\"https:\/\/test.ovwritt.com\/wp-content\/uploads\/2019\/06\/seis.jpg\",\"width\":1920,\"height\":951},{\"@type\":\"BreadcrumbList\",\"@id\":\"https:\/\/test.ovwritt.com\/it\/novita\/squadre-partecipanti-2024\/#breadcrumb\",\"itemListElement\":[{\"@type\":\"ListItem\",\"position\":1,\"name\":\"Startseite\",\"item\":\"https:\/\/test.ovwritt.com\/\"},{\"@type\":\"ListItem\",\"position\":2,\"name\":\"Squadre partecipanti 2024\"}]},{\"@type\":\"WebSite\",\"@id\":\"https:\/\/test.ovwritt.com\/#website\",\"url\":\"https:\/\/test.ovwritt.com\/\",\"name\":\"Der Oswald von Wolkenstein Ritt\",\"description\":\"Das gr\u00f6\u00dfte Reitspektakel S\u00fcdtirols\",\"potentialAction\":[{\"@type\":\"SearchAction\",\"target\":{\"@type\":\"EntryPoint\",\"urlTemplate\":\"https:\/\/test.ovwritt.com\/?s={search_term_string}\"},\"query-input\":{\"@type\":\"PropertyValueSpecification\",\"valueRequired\":true,\"valueName\":\"search_term_string\"}}],\"inLanguage\":\"de\"},{\"@type\":\"Person\",\"@id\":\"https:\/\/test.ovwritt.com\/#\/schema\/person\/4d1f08eeb0279bb874f28bfb8045519b\",\"name\":\"julia\",\"image\":{\"@type\":\"ImageObject\",\"inLanguage\":\"de\",\"@id\":\"https:\/\/test.ovwritt.com\/#\/schema\/person\/image\/\",\"url\":\"https:\/\/secure.gravatar.com\/avatar\/d3c14c9f6c3719dc78878fb8d9292bf2525aab494cfdb2503ef589792aa3d4e6?s=96&d=mm&r=g\",\"contentUrl\":\"https:\/\/secure.gravatar.com\/avatar\/d3c14c9f6c3719dc78878fb8d9292bf2525aab494cfdb2503ef589792aa3d4e6?s=96&d=mm&r=g\",\"caption\":\"julia\"},\"url\":\"https:\/\/test.ovwritt.com\/author\/julia\/\"}]}<\/script>\n<!-- \/ Yoast SEO plugin. -->","yoast_head_json":{"title":"Squadre partecipanti 2024 - Der Oswald von Wolkenstein Ritt","robots":{"index":"noindex","follow":"follow","max-snippet":"max-snippet:-1","max-image-preview":"max-image-preview:large","max-video-preview":"max-video-preview:-1"},"og_locale":"de_DE","og_type":"article","og_title":"Squadre partecipanti 2024 - Der Oswald von Wolkenstein Ritt","og_description":"ATTENZIONE:\u00a0non \u00e8 l\u2019ordine di partenza della Cavalcata di Oswald von Wolkenstein, soltanto un\u2019elenco L\u2019ordine di partenza verr\u00e0 presentato venerdi, alle ore 18.00 alla cerimonia di apertura della festa con spillazura del fusto di birra in Piazza Oswald von Wolkenstein a Siusi (offerto dalla birreria Forst di Lagundo) e successivamente pubblicato Appiano Cornaiano Avelengo Barbiano Bolzano [&hellip;]","og_url":"https:\/\/test.ovwritt.com\/it\/novita\/squadre-partecipanti-2024\/","og_site_name":"Der Oswald von Wolkenstein Ritt","article_publisher":"https:\/\/www.facebook.com\/ovwritt\/","article_published_time":"2024-05-13T19:56:01+00:00","article_modified_time":"2024-05-23T17:25:39+00:00","og_image":[{"width":1920,"height":951,"url":"https:\/\/test.ovwritt.com\/wp-content\/uploads\/2019\/06\/seis.jpg","type":"image\/jpeg"}],"author":"julia","twitter_misc":{"Verfasst von":"julia"},"schema":{"@context":"https:\/\/schema.org","@graph":[{"@type":"Article","@id":"https:\/\/test.ovwritt.com\/it\/novita\/squadre-partecipanti-2024\/#article","isPartOf":{"@id":"https:\/\/test.ovwritt.com\/it\/novita\/squadre-partecipanti-2024\/"},"author":{"name":"julia","@id":"https:\/\/test.ovwritt.com\/#\/schema\/person\/4d1f08eeb0279bb874f28bfb8045519b"},"headline":"Squadre partecipanti 2024","datePublished":"2024-05-13T19:56:01+00:00","dateModified":"2024-05-23T17:25:39+00:00","mainEntityOfPage":{"@id":"https:\/\/test.ovwritt.com\/it\/novita\/squadre-partecipanti-2024\/"},"wordCount":131,"commentCount":0,"image":{"@id":"https:\/\/test.ovwritt.com\/it\/novita\/squadre-partecipanti-2024\/#primaryimage"},"thumbnailUrl":"https:\/\/test.ovwritt.com\/wp-content\/uploads\/2019\/06\/seis.jpg","articleSection":["Novit\u00e0"],"inLanguage":"de","potentialAction":[{"@type":"CommentAction","name":"Comment","target":["https:\/\/test.ovwritt.com\/it\/novita\/squadre-partecipanti-2024\/#respond"]}]},{"@type":"WebPage","@id":"https:\/\/test.ovwritt.com\/it\/novita\/squadre-partecipanti-2024\/","url":"https:\/\/test.ovwritt.com\/it\/novita\/squadre-partecipanti-2024\/","name":"Squadre partecipanti 2024 - Der Oswald von Wolkenstein Ritt","isPartOf":{"@id":"https:\/\/test.ovwritt.com\/#website"},"primaryImageOfPage":{"@id":"https:\/\/test.ovwritt.com\/it\/novita\/squadre-partecipanti-2024\/#primaryimage"},"image":{"@id":"https:\/\/test.ovwritt.com\/it\/novita\/squadre-partecipanti-2024\/#primaryimage"},"thumbnailUrl":"https:\/\/test.ovwritt.com\/wp-content\/uploads\/2019\/06\/seis.jpg","datePublished":"2024-05-13T19:56:01+00:00","dateModified":"2024-05-23T17:25:39+00:00","author":{"@id":"https:\/\/test.ovwritt.com\/#\/schema\/person\/4d1f08eeb0279bb874f28bfb8045519b"},"breadcrumb":{"@id":"https:\/\/test.ovwritt.com\/it\/novita\/squadre-partecipanti-2024\/#breadcrumb"},"inLanguage":"de","potentialAction":[{"@type":"ReadAction","target":["https:\/\/test.ovwritt.com\/it\/novita\/squadre-partecipanti-2024\/"]}]},{"@type":"ImageObject","inLanguage":"de","@id":"https:\/\/test.ovwritt.com\/it\/novita\/squadre-partecipanti-2024\/#primaryimage","url":"https:\/\/test.ovwritt.com\/wp-content\/uploads\/2019\/06\/seis.jpg","contentUrl":"https:\/\/test.ovwritt.com\/wp-content\/uploads\/2019\/06\/seis.jpg","width":1920,"height":951},{"@type":"BreadcrumbList","@id":"https:\/\/test.ovwritt.com\/it\/novita\/squadre-partecipanti-2024\/#breadcrumb","itemListElement":[{"@type":"ListItem","position":1,"name":"Startseite","item":"https:\/\/test.ovwritt.com\/"},{"@type":"ListItem","position":2,"name":"Squadre partecipanti 2024"}]},{"@type":"WebSite","@id":"https:\/\/test.ovwritt.com\/#website","url":"https:\/\/test.ovwritt.com\/","name":"Der Oswald von Wolkenstein Ritt","description":"Das gr\u00f6\u00dfte Reitspektakel S\u00fcdtirols","potentialAction":[{"@type":"SearchAction","target":{"@type":"EntryPoint","urlTemplate":"https:\/\/test.ovwritt.com\/?s={search_term_string}"},"query-input":{"@type":"PropertyValueSpecification","valueRequired":true,"valueName":"search_term_string"}}],"inLanguage":"de"},{"@type":"Person","@id":"https:\/\/test.ovwritt.com\/#\/schema\/person\/4d1f08eeb0279bb874f28bfb8045519b","name":"julia","image":{"@type":"ImageObject","inLanguage":"de","@id":"https:\/\/test.ovwritt.com\/#\/schema\/person\/image\/","url":"https:\/\/secure.gravatar.com\/avatar\/d3c14c9f6c3719dc78878fb8d9292bf2525aab494cfdb2503ef589792aa3d4e6?s=96&d=mm&r=g","contentUrl":"https:\/\/secure.gravatar.com\/avatar\/d3c14c9f6c3719dc78878fb8d9292bf2525aab494cfdb2503ef589792aa3d4e6?s=96&d=mm&r=g","caption":"julia"},"url":"https:\/\/test.ovwritt.com\/author\/julia\/"}]}},"_links":{"self":[{"href":"https:\/\/test.ovwritt.com\/json\/wp\/v2\/posts\/7046","targetHints":{"allow":["GET"]}}],"collection":[{"href":"https:\/\/test.ovwritt.com\/json\/wp\/v2\/posts"}],"about":[{"href":"https:\/\/test.ovwritt.com\/json\/wp\/v2\/types\/post"}],"author":[{"embeddable":true,"href":"https:\/\/test.ovwritt.com\/json\/wp\/v2\/users\/3"}],"replies":[{"embeddable":true,"href":"https:\/\/test.ovwritt.com\/json\/wp\/v2\/comments?post=7046"}],"version-history":[{"count":6,"href":"https:\/\/test.ovwritt.com\/json\/wp\/v2\/posts\/7046\/revisions"}],"predecessor-version":[{"id":7070,"href":"https:\/\/test.ovwritt.com\/json\/wp\/v2\/posts\/7046\/revisions\/7070"}],"wp:featuredmedia":[{"embeddable":true,"href":"https:\/\/test.ovwritt.com\/json\/wp\/v2\/media\/2634"}],"wp:attachment":[{"href":"https:\/\/test.ovwritt.com\/json\/wp\/v2\/media?parent=7046"}],"wp:term":[{"taxonomy":"category","embeddable":true,"href":"https:\/\/test.ovwritt.com\/json\/wp\/v2\/categories?post=7046"},{"taxonomy":"post_tag","embeddable":true,"href":"https:\/\/test.ovwritt.com\/json\/wp\/v2\/tags?post=7046"}],"curies":[{"name":"wp","href":"https:\/\/api.w.org\/{rel}","templated":true}]}}