{"id":696,"date":"2017-05-10T09:12:06","date_gmt":"2017-05-10T07:12:06","guid":{"rendered":"https:\/\/test.ovwritt.com\/?p=696"},"modified":"2017-05-10T09:12:06","modified_gmt":"2017-05-10T07:12:06","slug":"nota-evento","status":"publish","type":"post","link":"https:\/\/test.ovwritt.com\/it\/stampa\/nota-evento\/","title":{"rendered":"Nota evento"},"content":{"rendered":"<h3>Un viaggio nella leggenda con la 35esima Cavalcata Oswald von Wolkenstein<\/h3>\n<h4>Dal 9 all\u201911 giugno 2017, 36 squadre di cavalieri si sfidano tra le Dolomiti, nell\u2019area vacanze Alpe di Siusi \u2013 Seiser Alm, in 4 tornei medievali per conquistare l\u2019ambito Stendardo del Menestrello.<\/h4>\n<p><strong>Quattro<\/strong> avvincenti <strong>tornei medievali, 36 squadre di cavalieri<\/strong> provenienti da tutto l\u2019Alto Adige, un solo premio: l\u2019ambito <strong>Stendardo del Menestrello<\/strong>.<br \/>\nNel weekend <strong>dal 9 all\u201911 giugno 2017<\/strong>, nell\u2019incanto del paesaggio dolomitico (Patrimonio Mondiale UNESCO) si disputa la <strong>35esima edizione della Cavalcata Oswald von Wolkenstein<\/strong> &#8211; il pi\u00f9 grande ed emozionante spettacolo equestre <strong>dell\u2019area vacanze Alpe di Siusi \u2013 Seiser Alm<\/strong> dedicato al cantore, bardo ed artista medievale. In un connubio di tradizione antica e sport <strong>domenica 11 giugno<\/strong> i cavallerizzi si sfidano in <strong>torneo<\/strong> tra la febbrile folla, mentre nelle <strong>due giornate precedenti a Siusi si anima la festa medievale<\/strong>. La prima prova di domenica, che ogni squadra composta da 4 uomini a cavallo in sella a destrieri avelignesi deve affrontare, \u00e8 il <strong>\u201cPassaggio degli anelli\u201d<\/strong> a Colle a <strong>Castelrotto<\/strong>, che consiste nel far passare l\u2019asta tra 3 anelli appesi a diversi intervalli. La seconda \u00e8 detta del <strong>\u201cLabirinto\u201d<\/strong> e si tiene a <strong>Siusi allo Sciliar<\/strong> (Matzlb\u00f6dele): i cavalieri devono impugnare insieme l\u2019asta e dimostrare di sapersi districare in un percorso labirintico nella fortezza. C\u2019\u00e8 poi il torneo del <strong>\u201cGaloppo con ostacoli\u201d<\/strong>, che si svolge sulle rive del <strong>Laghetto di Fi\u00e9<\/strong>: ogni sfidante deve prendere una biglia e depositarla su uno scivolo, per poi recuperarla al volo. Cavalcando a ritroso, inoltre, i cavalieri devono riuscire a superare un cancello. Ultima prova \u00e8 il <strong>\u201cPassaggio tra le porte\u201d<\/strong>, un percorso al galoppo, cavalcando a zig zag tra pali nell\u2019antico maniero di <strong>Castel Presule<\/strong>. A conquistare lo Stendardo del Menestrello, che viene consegnato in una festosa cerimonia di premiazione a Castel Presule, \u00e8 la squadra che ottiene il miglior tempo nel completare i 4 tornei.<\/p>\n","protected":false},"excerpt":{"rendered":"<p>Un viaggio nella leggenda con la 35esima Cavalcata Oswald von Wolkenstein Dal 9 all\u201911 giugno 2017, 36 squadre di cavalieri si sfidano tra le Dolomiti, nell\u2019area vacanze Alpe di Siusi \u2013 Seiser Alm, in 4 tornei medievali per conquistare l\u2019ambito Stendardo del Menestrello. Quattro avvincenti tornei medievali, 36 squadre di cavalieri provenienti da tutto l\u2019Alto [&hellip;]<\/p>\n","protected":false},"author":2,"featured_media":0,"comment_status":"open","ping_status":"closed","sticky":false,"template":"","format":"standard","meta":{"_acf_changed":false,"footnotes":""},"categories":[1,26],"tags":[],"class_list":["post-696","post","type-post","status-publish","format-standard","hentry","category-novita","category-stampa"],"acf":[],"yoast_head":"<!-- This site is optimized with the Yoast SEO plugin v27.1.1 - https:\/\/yoast.com\/product\/yoast-seo-wordpress\/ -->\n<title>Nota evento - Der Oswald von Wolkenstein Ritt<\/title>\n<meta name=\"robots\" content=\"noindex, follow, max-snippet:-1, max-image-preview:large, max-video-preview:-1\" \/>\n<meta property=\"og:locale\" content=\"de_DE\" \/>\n<meta property=\"og:type\" content=\"article\" \/>\n<meta property=\"og:title\" content=\"Nota evento - Der Oswald von Wolkenstein Ritt\" \/>\n<meta property=\"og:description\" content=\"Un viaggio nella leggenda con la 35esima Cavalcata Oswald von Wolkenstein Dal 9 all\u201911 giugno 2017, 36 squadre di cavalieri si sfidano tra le Dolomiti, nell\u2019area vacanze Alpe di Siusi \u2013 Seiser Alm, in 4 tornei medievali per conquistare l\u2019ambito Stendardo del Menestrello. Quattro avvincenti tornei medievali, 36 squadre di cavalieri provenienti da tutto l\u2019Alto [&hellip;]\" \/>\n<meta property=\"og:url\" content=\"https:\/\/test.ovwritt.com\/it\/stampa\/nota-evento\/\" \/>\n<meta property=\"og:site_name\" content=\"Der Oswald von Wolkenstein Ritt\" \/>\n<meta property=\"article:publisher\" content=\"https:\/\/www.facebook.com\/ovwritt\/\" \/>\n<meta property=\"article:published_time\" content=\"2017-05-10T07:12:06+00:00\" \/>\n<meta name=\"author\" content=\"peter\" \/>\n<meta name=\"twitter:label1\" content=\"Verfasst von\" \/>\n\t<meta name=\"twitter:data1\" content=\"peter\" \/>\n\t<meta name=\"twitter:label2\" content=\"Gesch\u00e4tzte Lesezeit\" \/>\n\t<meta name=\"twitter:data2\" content=\"2\u00a0Minuten\" \/>\n<script type=\"application\/ld+json\" class=\"yoast-schema-graph\">{\"@context\":\"https:\/\/schema.org\",\"@graph\":[{\"@type\":\"Article\",\"@id\":\"https:\/\/test.ovwritt.com\/it\/stampa\/nota-evento\/#article\",\"isPartOf\":{\"@id\":\"https:\/\/test.ovwritt.com\/it\/stampa\/nota-evento\/\"},\"author\":{\"name\":\"peter\",\"@id\":\"https:\/\/test.ovwritt.com\/#\/schema\/person\/031cb12ded16fee6bce74e7c5cedeaf3\"},\"headline\":\"Nota evento\",\"datePublished\":\"2017-05-10T07:12:06+00:00\",\"mainEntityOfPage\":{\"@id\":\"https:\/\/test.ovwritt.com\/it\/stampa\/nota-evento\/\"},\"wordCount\":311,\"commentCount\":0,\"articleSection\":[\"Novit\u00e0\",\"Stampa\"],\"inLanguage\":\"de\",\"potentialAction\":[{\"@type\":\"CommentAction\",\"name\":\"Comment\",\"target\":[\"https:\/\/test.ovwritt.com\/it\/stampa\/nota-evento\/#respond\"]}]},{\"@type\":\"WebPage\",\"@id\":\"https:\/\/test.ovwritt.com\/it\/stampa\/nota-evento\/\",\"url\":\"https:\/\/test.ovwritt.com\/it\/stampa\/nota-evento\/\",\"name\":\"Nota evento - Der Oswald von Wolkenstein Ritt\",\"isPartOf\":{\"@id\":\"https:\/\/test.ovwritt.com\/#website\"},\"datePublished\":\"2017-05-10T07:12:06+00:00\",\"author\":{\"@id\":\"https:\/\/test.ovwritt.com\/#\/schema\/person\/031cb12ded16fee6bce74e7c5cedeaf3\"},\"breadcrumb\":{\"@id\":\"https:\/\/test.ovwritt.com\/it\/stampa\/nota-evento\/#breadcrumb\"},\"inLanguage\":\"de\",\"potentialAction\":[{\"@type\":\"ReadAction\",\"target\":[\"https:\/\/test.ovwritt.com\/it\/stampa\/nota-evento\/\"]}]},{\"@type\":\"BreadcrumbList\",\"@id\":\"https:\/\/test.ovwritt.com\/it\/stampa\/nota-evento\/#breadcrumb\",\"itemListElement\":[{\"@type\":\"ListItem\",\"position\":1,\"name\":\"Startseite\",\"item\":\"https:\/\/test.ovwritt.com\/\"},{\"@type\":\"ListItem\",\"position\":2,\"name\":\"Nota evento\"}]},{\"@type\":\"WebSite\",\"@id\":\"https:\/\/test.ovwritt.com\/#website\",\"url\":\"https:\/\/test.ovwritt.com\/\",\"name\":\"Der Oswald von Wolkenstein Ritt\",\"description\":\"Das gr\u00f6\u00dfte Reitspektakel S\u00fcdtirols\",\"potentialAction\":[{\"@type\":\"SearchAction\",\"target\":{\"@type\":\"EntryPoint\",\"urlTemplate\":\"https:\/\/test.ovwritt.com\/?s={search_term_string}\"},\"query-input\":{\"@type\":\"PropertyValueSpecification\",\"valueRequired\":true,\"valueName\":\"search_term_string\"}}],\"inLanguage\":\"de\"},{\"@type\":\"Person\",\"@id\":\"https:\/\/test.ovwritt.com\/#\/schema\/person\/031cb12ded16fee6bce74e7c5cedeaf3\",\"name\":\"peter\",\"image\":{\"@type\":\"ImageObject\",\"inLanguage\":\"de\",\"@id\":\"https:\/\/test.ovwritt.com\/#\/schema\/person\/image\/\",\"url\":\"https:\/\/secure.gravatar.com\/avatar\/2eae265c446abfdba86ec66bd3e380742665f8cdecebf424d120579481b11584?s=96&d=mm&r=g\",\"contentUrl\":\"https:\/\/secure.gravatar.com\/avatar\/2eae265c446abfdba86ec66bd3e380742665f8cdecebf424d120579481b11584?s=96&d=mm&r=g\",\"caption\":\"peter\"},\"url\":\"https:\/\/test.ovwritt.com\/author\/peter\/\"}]}<\/script>\n<!-- \/ Yoast SEO plugin. -->","yoast_head_json":{"title":"Nota evento - Der Oswald von Wolkenstein Ritt","robots":{"index":"noindex","follow":"follow","max-snippet":"max-snippet:-1","max-image-preview":"max-image-preview:large","max-video-preview":"max-video-preview:-1"},"og_locale":"de_DE","og_type":"article","og_title":"Nota evento - Der Oswald von Wolkenstein Ritt","og_description":"Un viaggio nella leggenda con la 35esima Cavalcata Oswald von Wolkenstein Dal 9 all\u201911 giugno 2017, 36 squadre di cavalieri si sfidano tra le Dolomiti, nell\u2019area vacanze Alpe di Siusi \u2013 Seiser Alm, in 4 tornei medievali per conquistare l\u2019ambito Stendardo del Menestrello. Quattro avvincenti tornei medievali, 36 squadre di cavalieri provenienti da tutto l\u2019Alto [&hellip;]","og_url":"https:\/\/test.ovwritt.com\/it\/stampa\/nota-evento\/","og_site_name":"Der Oswald von Wolkenstein Ritt","article_publisher":"https:\/\/www.facebook.com\/ovwritt\/","article_published_time":"2017-05-10T07:12:06+00:00","author":"peter","twitter_misc":{"Verfasst von":"peter","Gesch\u00e4tzte Lesezeit":"2\u00a0Minuten"},"schema":{"@context":"https:\/\/schema.org","@graph":[{"@type":"Article","@id":"https:\/\/test.ovwritt.com\/it\/stampa\/nota-evento\/#article","isPartOf":{"@id":"https:\/\/test.ovwritt.com\/it\/stampa\/nota-evento\/"},"author":{"name":"peter","@id":"https:\/\/test.ovwritt.com\/#\/schema\/person\/031cb12ded16fee6bce74e7c5cedeaf3"},"headline":"Nota evento","datePublished":"2017-05-10T07:12:06+00:00","mainEntityOfPage":{"@id":"https:\/\/test.ovwritt.com\/it\/stampa\/nota-evento\/"},"wordCount":311,"commentCount":0,"articleSection":["Novit\u00e0","Stampa"],"inLanguage":"de","potentialAction":[{"@type":"CommentAction","name":"Comment","target":["https:\/\/test.ovwritt.com\/it\/stampa\/nota-evento\/#respond"]}]},{"@type":"WebPage","@id":"https:\/\/test.ovwritt.com\/it\/stampa\/nota-evento\/","url":"https:\/\/test.ovwritt.com\/it\/stampa\/nota-evento\/","name":"Nota evento - Der Oswald von Wolkenstein Ritt","isPartOf":{"@id":"https:\/\/test.ovwritt.com\/#website"},"datePublished":"2017-05-10T07:12:06+00:00","author":{"@id":"https:\/\/test.ovwritt.com\/#\/schema\/person\/031cb12ded16fee6bce74e7c5cedeaf3"},"breadcrumb":{"@id":"https:\/\/test.ovwritt.com\/it\/stampa\/nota-evento\/#breadcrumb"},"inLanguage":"de","potentialAction":[{"@type":"ReadAction","target":["https:\/\/test.ovwritt.com\/it\/stampa\/nota-evento\/"]}]},{"@type":"BreadcrumbList","@id":"https:\/\/test.ovwritt.com\/it\/stampa\/nota-evento\/#breadcrumb","itemListElement":[{"@type":"ListItem","position":1,"name":"Startseite","item":"https:\/\/test.ovwritt.com\/"},{"@type":"ListItem","position":2,"name":"Nota evento"}]},{"@type":"WebSite","@id":"https:\/\/test.ovwritt.com\/#website","url":"https:\/\/test.ovwritt.com\/","name":"Der Oswald von Wolkenstein Ritt","description":"Das gr\u00f6\u00dfte Reitspektakel S\u00fcdtirols","potentialAction":[{"@type":"SearchAction","target":{"@type":"EntryPoint","urlTemplate":"https:\/\/test.ovwritt.com\/?s={search_term_string}"},"query-input":{"@type":"PropertyValueSpecification","valueRequired":true,"valueName":"search_term_string"}}],"inLanguage":"de"},{"@type":"Person","@id":"https:\/\/test.ovwritt.com\/#\/schema\/person\/031cb12ded16fee6bce74e7c5cedeaf3","name":"peter","image":{"@type":"ImageObject","inLanguage":"de","@id":"https:\/\/test.ovwritt.com\/#\/schema\/person\/image\/","url":"https:\/\/secure.gravatar.com\/avatar\/2eae265c446abfdba86ec66bd3e380742665f8cdecebf424d120579481b11584?s=96&d=mm&r=g","contentUrl":"https:\/\/secure.gravatar.com\/avatar\/2eae265c446abfdba86ec66bd3e380742665f8cdecebf424d120579481b11584?s=96&d=mm&r=g","caption":"peter"},"url":"https:\/\/test.ovwritt.com\/author\/peter\/"}]}},"_links":{"self":[{"href":"https:\/\/test.ovwritt.com\/json\/wp\/v2\/posts\/696","targetHints":{"allow":["GET"]}}],"collection":[{"href":"https:\/\/test.ovwritt.com\/json\/wp\/v2\/posts"}],"about":[{"href":"https:\/\/test.ovwritt.com\/json\/wp\/v2\/types\/post"}],"author":[{"embeddable":true,"href":"https:\/\/test.ovwritt.com\/json\/wp\/v2\/users\/2"}],"replies":[{"embeddable":true,"href":"https:\/\/test.ovwritt.com\/json\/wp\/v2\/comments?post=696"}],"version-history":[{"count":1,"href":"https:\/\/test.ovwritt.com\/json\/wp\/v2\/posts\/696\/revisions"}],"predecessor-version":[{"id":697,"href":"https:\/\/test.ovwritt.com\/json\/wp\/v2\/posts\/696\/revisions\/697"}],"wp:attachment":[{"href":"https:\/\/test.ovwritt.com\/json\/wp\/v2\/media?parent=696"}],"wp:term":[{"taxonomy":"category","embeddable":true,"href":"https:\/\/test.ovwritt.com\/json\/wp\/v2\/categories?post=696"},{"taxonomy":"post_tag","embeddable":true,"href":"https:\/\/test.ovwritt.com\/json\/wp\/v2\/tags?post=696"}],"curies":[{"name":"wp","href":"https:\/\/api.w.org\/{rel}","templated":true}]}}