{"id":686,"date":"2017-05-09T14:18:29","date_gmt":"2017-05-09T12:18:29","guid":{"rendered":"http:\/\/test.ovwritt.com\/?p=686"},"modified":"2018-05-03T21:28:25","modified_gmt":"2018-05-03T19:28:25","slug":"veranstaltungshinweis","status":"publish","type":"post","link":"https:\/\/test.ovwritt.com\/presse\/veranstaltungshinweis\/","title":{"rendered":"Veranstaltungshinweis"},"content":{"rendered":"<h3>Mittelalterliches Flair und ritterliche Wettk\u00e4mpfe auf der Seiser Alm:<br \/>\nDer 35. Oswald von Wolkenstein Ritt<\/h3>\n<p>Seiser Alm\/M\u00fcnchen (w&amp;p), 25. April 2017 \u2013 Drei Tage, vier Turnierorte, 36 Mannschaften und mehrere zehntausend Zuschauer: Zu Ehren des Ritters und Dichters Oswald von Wolkenstein veranstalten die drei Gemeinden Kastelruth, Seis und V\u00f6ls am Schlern 2017 bereits zum 35. Mal ein historisches Reitspektakel der Superlative.<br \/>\nVom 9. bis 11. Juni 2017 k\u00f6nnen Besucher beim Oswald von Wolkenstein-Ritt in das 14. Jahrhundert eintauchen und mittelalterliches Flair, meisterliche Reitkunst und S\u00fcdtiroler Gastfreundschaft hautnah erleben.<\/p>\n<h3>Buntes Rahmenprogramm beim Oswald von Wolkenstein-Ritt<\/h3>\n<p>Er\u00f6ffnet wird S\u00fcdtirols gr\u00f6\u00dftes Reitspektakel am Freitagabend, den 9. Juni 2017, um 18 Uhr im Dorfzentrum von Seis. Nach dem traditionellen Bieranstich mit Live-Musik folgt die offizielle Startnummernverlosung unter den teilnehmenden Mannschaften aus ganz S\u00fcdtirol.<br \/>\nAm folgenden Tag um zehn Uhr beginnen die Feierlichkeiten mit festlicher Musik auf dem Dorfplatz von Seis. Das ausgiebige Rahmenprogramm versetzt Jung und Alt zur\u00fcck in das mittelalterliche Leben des 14. Jahrhunderts.<br \/>\nHighlight des Tages ist der traditionelle Festumzug mit allen teilnehmenden Equipen, die mit antiken Kutschen und Trachten durch den Ort ziehen. Der H\u00f6hepunkt des Festwochenendes ist das Reitturnier am Sonntag. Hierbei m\u00fcssen die Vierer-Mannschaften nicht nur ihre hohe Reitkunst, sondern auch Mut, Geschicklichkeit und Teamgeist beweisen, um zu bestehen.<br \/>\nDas Reitevent erstreckt sich \u00fcber vier Wettk\u00e4mpfe an jeweils unterschiedlichen Turnierorten. Zuschauer k\u00f6nnen die Mannschaften zu Fu\u00df oder ab 8:30 Uhr mit den kostenlosen Shuttlebussen zu den verschiedenen Turnierpl\u00e4tzen begleiten.<\/p>\n<h3>Die Turnierspiele<\/h3>\n<p>Der Turniertag beginnt am Sonntag um 7:00 Uhr mit dem Start der Reiter an der Trostburg in Waidbruck, der Heimatburg des Oswald von Wolkenstein.<br \/>\nBei der ersten Partie am Kofel in Kastelruth m\u00fcssen sich die Reiter im \u201eRingstechen\u201c beweisen. Aufgabe der Teams ist es hierbei einen Stab mit Banner w\u00e4hrend des Ritts durch drei Ringe zu werfen.<br \/>\nIm Anschluss folgt am Matzlb\u00f6dele in Seis ein enges \u201eLabyrinth\u201c, das Ross und Reiter viel abverlangt.<br \/>\nAm V\u00f6lser Weiher findet als drittes Turnierspiel der \u201eHindernisgalopp\u201c statt.<br \/>\nDer kr\u00f6nende Abschluss der Turnierspiele ist der \u201eTorritt\u201c am Fu\u00dfe des imposanten Schloss Pr\u00f6sels. Die Reiter m\u00fcssen hierbei der Reihe nach, eine Bannerstange haltend, im Slalom durch acht aufgestellte Torstangen reiten.<br \/>\nEs gewinnt das Team, welches alle gestellten Aufgaben am geschicktesten und in der k\u00fcrzesten Zeit absolviert und somit die beste Gesamtzeit vorweisen kann.<\/p>\n<p><a href=\"http:\/\/www.seiseralm.it\/de\/urlaub-suedtirol\/highlights\/8-oswald-vonwolkenstein-ritt.html\" target=\"_blank\" rel=\"noopener noreferrer\">www.seiseralm.it\/de\/urlaub-suedtirol\/highlights\/8-oswald-vonwolkenstein-ritt.html<\/a><\/p>\n<h3>Auf den Spuren von Oswald von Wolkenstein<\/h3>\n<p>Auch heute noch k\u00f6nnen Interessierte auf den Spuren des Ritters, Politikers, S\u00e4ngers und Abenteurers wandeln. Geboren 1377 in S\u00fcdtirol und aufgewachsen in der Trostburg, war der charismatische Edelmann ein interessanter und vielschichtiger Charakter, der die Region und ihre Geschichte nachhaltig pr\u00e4gte.<br \/>\nHeutzutage k\u00f6nnen G\u00e4ste auf dem Oswald von Wolkenstein-Weg in Seis entlang von 15 Stationen auf den Spuren des Ritters wandeln und viel \u00fcber mittelalterliche Sagen und Mythen, \u00fcber die gesellschaftliche Hierarchie, das Leben am Hof und die historischen Figuren der damaligen Zeit erfahren.<br \/>\nInformationen zur Ferienregion Seiser Alm finden Interessierte unter <a href=\"http:\/\/www.seiseralm.it\" target=\"_blank\" rel=\"noopener noreferrer\">www.seiseralm.it<\/a>.<\/p>\n<p>Das Bildmaterial ist nur im Kontext der Pressemeldung zu verwenden.<br \/>\nBitte beachten Sie das entsprechende Copyright: Oswald von Wolkenstein-Ritt \u00a9 Seiser Alm Marketing_Helmuth Rier<\/p>\n<h4>Hintergrundinformation:<\/h4>\n<p>Die Seiser Alm ist mit 56 Quadratkilometern die gr\u00f6\u00dfte Hochalm Europas. Zwischen sonnigen 1.800 und 2.300 Metern H\u00f6he findet sich am westlichen Eingangstor der<br \/>\nDolomiten \u2014 seit Juni 2009 UNESCO-Welterbe \u2014 eine der faszinierendsten Naturund Kulturlandschaften. Oberhalb der Orte Kastelruth, Seis, V\u00f6ls am Schlern und Tiers am Rosengarten, eingerahmt von den Dolomiten-Gipfeln des Langkofel, Plattkofel, Schlern und des Rosengarten und verw\u00f6hnt von j\u00e4hrlich 300 Sonnentagen, ist sie ein ideales Ziel f\u00fcr Winter- und Sommer-Sportler, Familien mit Kindern, Ruhesuchende und Genie\u00dfer.<\/p>\n","protected":false},"excerpt":{"rendered":"<p>Mittelalterliches Flair und ritterliche Wettk\u00e4mpfe auf der Seiser Alm: Der 35. Oswald von Wolkenstein Ritt Seiser Alm\/M\u00fcnchen (w&amp;p), 25. April 2017 \u2013 Drei Tage, vier Turnierorte, 36 Mannschaften und mehrere zehntausend Zuschauer: Zu Ehren des Ritters und Dichters Oswald von Wolkenstein veranstalten die drei Gemeinden Kastelruth, Seis und V\u00f6ls am Schlern 2017 bereits zum 35. [&hellip;]<\/p>\n","protected":false},"author":2,"featured_media":0,"comment_status":"open","ping_status":"closed","sticky":false,"template":"","format":"standard","meta":{"_acf_changed":false,"footnotes":""},"categories":[7,11],"tags":[],"class_list":["post-686","post","type-post","status-publish","format-standard","hentry","category-news","category-presse"],"acf":[],"yoast_head":"<!-- This site is optimized with the Yoast SEO plugin v27.1.1 - https:\/\/yoast.com\/product\/yoast-seo-wordpress\/ -->\n<title>Veranstaltungshinweis - Der Oswald von Wolkenstein Ritt<\/title>\n<meta name=\"robots\" content=\"noindex, follow, max-snippet:-1, max-image-preview:large, max-video-preview:-1\" \/>\n<meta property=\"og:locale\" content=\"de_DE\" \/>\n<meta property=\"og:type\" content=\"article\" \/>\n<meta property=\"og:title\" content=\"Veranstaltungshinweis - Der Oswald von Wolkenstein Ritt\" \/>\n<meta property=\"og:description\" content=\"Mittelalterliches Flair und ritterliche Wettk\u00e4mpfe auf der Seiser Alm: Der 35. Oswald von Wolkenstein Ritt Seiser Alm\/M\u00fcnchen (w&amp;p), 25. April 2017 \u2013 Drei Tage, vier Turnierorte, 36 Mannschaften und mehrere zehntausend Zuschauer: Zu Ehren des Ritters und Dichters Oswald von Wolkenstein veranstalten die drei Gemeinden Kastelruth, Seis und V\u00f6ls am Schlern 2017 bereits zum 35. [&hellip;]\" \/>\n<meta property=\"og:url\" content=\"https:\/\/test.ovwritt.com\/presse\/veranstaltungshinweis\/\" \/>\n<meta property=\"og:site_name\" content=\"Der Oswald von Wolkenstein Ritt\" \/>\n<meta property=\"article:publisher\" content=\"https:\/\/www.facebook.com\/ovwritt\/\" \/>\n<meta property=\"article:published_time\" content=\"2017-05-09T12:18:29+00:00\" \/>\n<meta property=\"article:modified_time\" content=\"2018-05-03T19:28:25+00:00\" \/>\n<meta name=\"author\" content=\"peter\" \/>\n<meta name=\"twitter:label1\" content=\"Verfasst von\" \/>\n\t<meta name=\"twitter:data1\" content=\"peter\" \/>\n\t<meta name=\"twitter:label2\" content=\"Gesch\u00e4tzte Lesezeit\" \/>\n\t<meta name=\"twitter:data2\" content=\"3\u00a0Minuten\" \/>\n<script type=\"application\/ld+json\" class=\"yoast-schema-graph\">{\"@context\":\"https:\/\/schema.org\",\"@graph\":[{\"@type\":\"Article\",\"@id\":\"https:\/\/test.ovwritt.com\/presse\/veranstaltungshinweis\/#article\",\"isPartOf\":{\"@id\":\"https:\/\/test.ovwritt.com\/presse\/veranstaltungshinweis\/\"},\"author\":{\"name\":\"peter\",\"@id\":\"https:\/\/test.ovwritt.com\/#\/schema\/person\/031cb12ded16fee6bce74e7c5cedeaf3\"},\"headline\":\"Veranstaltungshinweis\",\"datePublished\":\"2017-05-09T12:18:29+00:00\",\"dateModified\":\"2018-05-03T19:28:25+00:00\",\"mainEntityOfPage\":{\"@id\":\"https:\/\/test.ovwritt.com\/presse\/veranstaltungshinweis\/\"},\"wordCount\":609,\"commentCount\":0,\"articleSection\":[\"News\",\"Presse\"],\"inLanguage\":\"de\",\"potentialAction\":[{\"@type\":\"CommentAction\",\"name\":\"Comment\",\"target\":[\"https:\/\/test.ovwritt.com\/presse\/veranstaltungshinweis\/#respond\"]}]},{\"@type\":\"WebPage\",\"@id\":\"https:\/\/test.ovwritt.com\/presse\/veranstaltungshinweis\/\",\"url\":\"https:\/\/test.ovwritt.com\/presse\/veranstaltungshinweis\/\",\"name\":\"Veranstaltungshinweis - Der Oswald von Wolkenstein Ritt\",\"isPartOf\":{\"@id\":\"https:\/\/test.ovwritt.com\/#website\"},\"datePublished\":\"2017-05-09T12:18:29+00:00\",\"dateModified\":\"2018-05-03T19:28:25+00:00\",\"author\":{\"@id\":\"https:\/\/test.ovwritt.com\/#\/schema\/person\/031cb12ded16fee6bce74e7c5cedeaf3\"},\"breadcrumb\":{\"@id\":\"https:\/\/test.ovwritt.com\/presse\/veranstaltungshinweis\/#breadcrumb\"},\"inLanguage\":\"de\",\"potentialAction\":[{\"@type\":\"ReadAction\",\"target\":[\"https:\/\/test.ovwritt.com\/presse\/veranstaltungshinweis\/\"]}]},{\"@type\":\"BreadcrumbList\",\"@id\":\"https:\/\/test.ovwritt.com\/presse\/veranstaltungshinweis\/#breadcrumb\",\"itemListElement\":[{\"@type\":\"ListItem\",\"position\":1,\"name\":\"Startseite\",\"item\":\"https:\/\/test.ovwritt.com\/\"},{\"@type\":\"ListItem\",\"position\":2,\"name\":\"Veranstaltungshinweis\"}]},{\"@type\":\"WebSite\",\"@id\":\"https:\/\/test.ovwritt.com\/#website\",\"url\":\"https:\/\/test.ovwritt.com\/\",\"name\":\"Der Oswald von Wolkenstein Ritt\",\"description\":\"Das gr\u00f6\u00dfte Reitspektakel S\u00fcdtirols\",\"potentialAction\":[{\"@type\":\"SearchAction\",\"target\":{\"@type\":\"EntryPoint\",\"urlTemplate\":\"https:\/\/test.ovwritt.com\/?s={search_term_string}\"},\"query-input\":{\"@type\":\"PropertyValueSpecification\",\"valueRequired\":true,\"valueName\":\"search_term_string\"}}],\"inLanguage\":\"de\"},{\"@type\":\"Person\",\"@id\":\"https:\/\/test.ovwritt.com\/#\/schema\/person\/031cb12ded16fee6bce74e7c5cedeaf3\",\"name\":\"peter\",\"image\":{\"@type\":\"ImageObject\",\"inLanguage\":\"de\",\"@id\":\"https:\/\/test.ovwritt.com\/#\/schema\/person\/image\/\",\"url\":\"https:\/\/secure.gravatar.com\/avatar\/2eae265c446abfdba86ec66bd3e380742665f8cdecebf424d120579481b11584?s=96&d=mm&r=g\",\"contentUrl\":\"https:\/\/secure.gravatar.com\/avatar\/2eae265c446abfdba86ec66bd3e380742665f8cdecebf424d120579481b11584?s=96&d=mm&r=g\",\"caption\":\"peter\"},\"url\":\"https:\/\/test.ovwritt.com\/author\/peter\/\"}]}<\/script>\n<!-- \/ Yoast SEO plugin. -->","yoast_head_json":{"title":"Veranstaltungshinweis - Der Oswald von Wolkenstein Ritt","robots":{"index":"noindex","follow":"follow","max-snippet":"max-snippet:-1","max-image-preview":"max-image-preview:large","max-video-preview":"max-video-preview:-1"},"og_locale":"de_DE","og_type":"article","og_title":"Veranstaltungshinweis - Der Oswald von Wolkenstein Ritt","og_description":"Mittelalterliches Flair und ritterliche Wettk\u00e4mpfe auf der Seiser Alm: Der 35. Oswald von Wolkenstein Ritt Seiser Alm\/M\u00fcnchen (w&amp;p), 25. April 2017 \u2013 Drei Tage, vier Turnierorte, 36 Mannschaften und mehrere zehntausend Zuschauer: Zu Ehren des Ritters und Dichters Oswald von Wolkenstein veranstalten die drei Gemeinden Kastelruth, Seis und V\u00f6ls am Schlern 2017 bereits zum 35. [&hellip;]","og_url":"https:\/\/test.ovwritt.com\/presse\/veranstaltungshinweis\/","og_site_name":"Der Oswald von Wolkenstein Ritt","article_publisher":"https:\/\/www.facebook.com\/ovwritt\/","article_published_time":"2017-05-09T12:18:29+00:00","article_modified_time":"2018-05-03T19:28:25+00:00","author":"peter","twitter_misc":{"Verfasst von":"peter","Gesch\u00e4tzte Lesezeit":"3\u00a0Minuten"},"schema":{"@context":"https:\/\/schema.org","@graph":[{"@type":"Article","@id":"https:\/\/test.ovwritt.com\/presse\/veranstaltungshinweis\/#article","isPartOf":{"@id":"https:\/\/test.ovwritt.com\/presse\/veranstaltungshinweis\/"},"author":{"name":"peter","@id":"https:\/\/test.ovwritt.com\/#\/schema\/person\/031cb12ded16fee6bce74e7c5cedeaf3"},"headline":"Veranstaltungshinweis","datePublished":"2017-05-09T12:18:29+00:00","dateModified":"2018-05-03T19:28:25+00:00","mainEntityOfPage":{"@id":"https:\/\/test.ovwritt.com\/presse\/veranstaltungshinweis\/"},"wordCount":609,"commentCount":0,"articleSection":["News","Presse"],"inLanguage":"de","potentialAction":[{"@type":"CommentAction","name":"Comment","target":["https:\/\/test.ovwritt.com\/presse\/veranstaltungshinweis\/#respond"]}]},{"@type":"WebPage","@id":"https:\/\/test.ovwritt.com\/presse\/veranstaltungshinweis\/","url":"https:\/\/test.ovwritt.com\/presse\/veranstaltungshinweis\/","name":"Veranstaltungshinweis - Der Oswald von Wolkenstein Ritt","isPartOf":{"@id":"https:\/\/test.ovwritt.com\/#website"},"datePublished":"2017-05-09T12:18:29+00:00","dateModified":"2018-05-03T19:28:25+00:00","author":{"@id":"https:\/\/test.ovwritt.com\/#\/schema\/person\/031cb12ded16fee6bce74e7c5cedeaf3"},"breadcrumb":{"@id":"https:\/\/test.ovwritt.com\/presse\/veranstaltungshinweis\/#breadcrumb"},"inLanguage":"de","potentialAction":[{"@type":"ReadAction","target":["https:\/\/test.ovwritt.com\/presse\/veranstaltungshinweis\/"]}]},{"@type":"BreadcrumbList","@id":"https:\/\/test.ovwritt.com\/presse\/veranstaltungshinweis\/#breadcrumb","itemListElement":[{"@type":"ListItem","position":1,"name":"Startseite","item":"https:\/\/test.ovwritt.com\/"},{"@type":"ListItem","position":2,"name":"Veranstaltungshinweis"}]},{"@type":"WebSite","@id":"https:\/\/test.ovwritt.com\/#website","url":"https:\/\/test.ovwritt.com\/","name":"Der Oswald von Wolkenstein Ritt","description":"Das gr\u00f6\u00dfte Reitspektakel S\u00fcdtirols","potentialAction":[{"@type":"SearchAction","target":{"@type":"EntryPoint","urlTemplate":"https:\/\/test.ovwritt.com\/?s={search_term_string}"},"query-input":{"@type":"PropertyValueSpecification","valueRequired":true,"valueName":"search_term_string"}}],"inLanguage":"de"},{"@type":"Person","@id":"https:\/\/test.ovwritt.com\/#\/schema\/person\/031cb12ded16fee6bce74e7c5cedeaf3","name":"peter","image":{"@type":"ImageObject","inLanguage":"de","@id":"https:\/\/test.ovwritt.com\/#\/schema\/person\/image\/","url":"https:\/\/secure.gravatar.com\/avatar\/2eae265c446abfdba86ec66bd3e380742665f8cdecebf424d120579481b11584?s=96&d=mm&r=g","contentUrl":"https:\/\/secure.gravatar.com\/avatar\/2eae265c446abfdba86ec66bd3e380742665f8cdecebf424d120579481b11584?s=96&d=mm&r=g","caption":"peter"},"url":"https:\/\/test.ovwritt.com\/author\/peter\/"}]}},"_links":{"self":[{"href":"https:\/\/test.ovwritt.com\/json\/wp\/v2\/posts\/686","targetHints":{"allow":["GET"]}}],"collection":[{"href":"https:\/\/test.ovwritt.com\/json\/wp\/v2\/posts"}],"about":[{"href":"https:\/\/test.ovwritt.com\/json\/wp\/v2\/types\/post"}],"author":[{"embeddable":true,"href":"https:\/\/test.ovwritt.com\/json\/wp\/v2\/users\/2"}],"replies":[{"embeddable":true,"href":"https:\/\/test.ovwritt.com\/json\/wp\/v2\/comments?post=686"}],"version-history":[{"count":3,"href":"https:\/\/test.ovwritt.com\/json\/wp\/v2\/posts\/686\/revisions"}],"predecessor-version":[{"id":1518,"href":"https:\/\/test.ovwritt.com\/json\/wp\/v2\/posts\/686\/revisions\/1518"}],"wp:attachment":[{"href":"https:\/\/test.ovwritt.com\/json\/wp\/v2\/media?parent=686"}],"wp:term":[{"taxonomy":"category","embeddable":true,"href":"https:\/\/test.ovwritt.com\/json\/wp\/v2\/categories?post=686"},{"taxonomy":"post_tag","embeddable":true,"href":"https:\/\/test.ovwritt.com\/json\/wp\/v2\/tags?post=686"}],"curies":[{"name":"wp","href":"https:\/\/api.w.org\/{rel}","templated":true}]}}