{"id":569,"date":"2016-08-23T17:29:14","date_gmt":"2016-08-23T15:29:14","guid":{"rendered":"http:\/\/test.ovwritt.com\/?p=569"},"modified":"2018-05-03T21:28:35","modified_gmt":"2018-05-03T19:28:35","slug":"qualifikation-2017","status":"publish","type":"post","link":"https:\/\/test.ovwritt.com\/news\/qualifikation-2017\/","title":{"rendered":"Qualifikation 2017"},"content":{"rendered":"<h2>Oswald von Wolkenstein-Ritt: Qualifikation am 27. Mai<\/h2>\n<p><strong>Am Samstag, den 27. Mai um 14:30 Uhr findet am Matzlb\u00f6dele in Seis der Qualifikationswettkampf zu S\u00fcdtirols gr\u00f6\u00dftem Reitspektakel statt. Auch viele neu formierte Mannschaften stellen sich der Herausforderung.<\/strong><\/p>\n<p>Mitte Juni findet der Oswald von Wolkenstein-Ritt zum nunmehr 35. Mal in Kastelruth, Seis und V\u00f6ls am Schlern statt. 36 Reitermannschaften zu je vier Reitern werden am Sonntag, 11. Juni, in Tracht und mit wehenden Bannern von Turnierspiel zu Turnierspiel ziehen, um sich in Schnelligkeit, Geschicklichkeit und im Umgang mit Pferden zu messen.<br \/>\nF\u00fcr die diesj\u00e4hrige Ausgabe des Oswald von Wolkenstein-Ritts haben sich 48 Mannschaften angemeldet \u2013 so viele wie selten zuvor. Zus\u00e4tzlich zur Siegermannschaft 2016 Kastelruth Hauenstein sind die jeweils bestplatzierten Mannschaften einer Gemeinde des Vorjahres und die einzigen Mannschaften einer Gemeinde fix zugelassen. Die restlichen 29 angemeldeten Mannschaften m\u00fcssen sich f\u00fcr die nur verbleibenden 17 Startpl\u00e4tze am Samstag, 27. Mai, beim \u201eLabyrinth\u201c am Matzlb\u00f6dele in Seis messen. Start ist um 14:30 Uhr. Bereits ab 7:00 Uhr haben die Mannschaften die M\u00f6glichkeit zu trainieren. F\u00fcr Speis und Trank sowie musikalische Unterhaltung ist den ganzen Tag \u00fcber gesorgt.<\/p>\n<p><a class=\"uk-button uk-button-primary\" href=\"\/wp-content\/uploads\/2017\/04\/trainingliste_2017.pdf\" target=\"_blank\" rel=\"noopener noreferrer\"><span class=\"uk-icon-file-pdf-o\"> Trainingsliste<\/span><\/a><\/p>\n","protected":false},"excerpt":{"rendered":"<p>Am Samstag, den 27. Mai um 14:30 Uhr findet am Matzlb\u00f6dele in Seis der Qualifikationswettkampf zu S\u00fcdtirols gr\u00f6\u00dftem Reitspektakel statt. Auch viele neu formierte Mannschaften stellen sich der Herausforderung.<\/p>\n","protected":false},"author":2,"featured_media":722,"comment_status":"open","ping_status":"closed","sticky":false,"template":"","format":"standard","meta":{"_acf_changed":false,"footnotes":""},"categories":[7],"tags":[],"class_list":["post-569","post","type-post","status-publish","format-standard","has-post-thumbnail","hentry","category-news"],"acf":[],"yoast_head":"<!-- This site is optimized with the Yoast SEO plugin v27.1.1 - https:\/\/yoast.com\/product\/yoast-seo-wordpress\/ -->\n<title>Qualifikation 2017 - Der Oswald von Wolkenstein Ritt<\/title>\n<meta name=\"robots\" content=\"noindex, follow, max-snippet:-1, max-image-preview:large, max-video-preview:-1\" \/>\n<meta property=\"og:locale\" content=\"de_DE\" \/>\n<meta property=\"og:type\" content=\"article\" \/>\n<meta property=\"og:title\" content=\"Qualifikation 2017 - Der Oswald von Wolkenstein Ritt\" \/>\n<meta property=\"og:description\" content=\"Am Samstag, den 27. Mai um 14:30 Uhr findet am Matzlb\u00f6dele in Seis der Qualifikationswettkampf zu S\u00fcdtirols gr\u00f6\u00dftem Reitspektakel statt. Auch viele neu formierte Mannschaften stellen sich der Herausforderung.\" \/>\n<meta property=\"og:url\" content=\"https:\/\/test.ovwritt.com\/news\/qualifikation-2017\/\" \/>\n<meta property=\"og:site_name\" content=\"Der Oswald von Wolkenstein Ritt\" \/>\n<meta property=\"article:publisher\" content=\"https:\/\/www.facebook.com\/ovwritt\/\" \/>\n<meta property=\"article:published_time\" content=\"2016-08-23T15:29:14+00:00\" \/>\n<meta property=\"article:modified_time\" content=\"2018-05-03T19:28:35+00:00\" \/>\n<meta property=\"og:image\" content=\"https:\/\/test.ovwritt.com\/wp-content\/uploads\/2016\/08\/quali.jpg\" \/>\n\t<meta property=\"og:image:width\" content=\"1024\" \/>\n\t<meta property=\"og:image:height\" content=\"496\" \/>\n\t<meta property=\"og:image:type\" content=\"image\/jpeg\" \/>\n<meta name=\"author\" content=\"peter\" \/>\n<meta name=\"twitter:label1\" content=\"Verfasst von\" \/>\n\t<meta name=\"twitter:data1\" content=\"peter\" \/>\n\t<meta name=\"twitter:label2\" content=\"Gesch\u00e4tzte Lesezeit\" \/>\n\t<meta name=\"twitter:data2\" content=\"1\u00a0Minute\" \/>\n<script type=\"application\/ld+json\" class=\"yoast-schema-graph\">{\"@context\":\"https:\/\/schema.org\",\"@graph\":[{\"@type\":\"Article\",\"@id\":\"https:\/\/test.ovwritt.com\/news\/qualifikation-2017\/#article\",\"isPartOf\":{\"@id\":\"https:\/\/test.ovwritt.com\/news\/qualifikation-2017\/\"},\"author\":{\"name\":\"peter\",\"@id\":\"https:\/\/test.ovwritt.com\/#\/schema\/person\/031cb12ded16fee6bce74e7c5cedeaf3\"},\"headline\":\"Qualifikation 2017\",\"datePublished\":\"2016-08-23T15:29:14+00:00\",\"dateModified\":\"2018-05-03T19:28:35+00:00\",\"mainEntityOfPage\":{\"@id\":\"https:\/\/test.ovwritt.com\/news\/qualifikation-2017\/\"},\"wordCount\":185,\"commentCount\":0,\"image\":{\"@id\":\"https:\/\/test.ovwritt.com\/news\/qualifikation-2017\/#primaryimage\"},\"thumbnailUrl\":\"https:\/\/test.ovwritt.com\/wp-content\/uploads\/2016\/08\/quali.jpg\",\"articleSection\":[\"News\"],\"inLanguage\":\"de\",\"potentialAction\":[{\"@type\":\"CommentAction\",\"name\":\"Comment\",\"target\":[\"https:\/\/test.ovwritt.com\/news\/qualifikation-2017\/#respond\"]}]},{\"@type\":\"WebPage\",\"@id\":\"https:\/\/test.ovwritt.com\/news\/qualifikation-2017\/\",\"url\":\"https:\/\/test.ovwritt.com\/news\/qualifikation-2017\/\",\"name\":\"Qualifikation 2017 - Der Oswald von Wolkenstein Ritt\",\"isPartOf\":{\"@id\":\"https:\/\/test.ovwritt.com\/#website\"},\"primaryImageOfPage\":{\"@id\":\"https:\/\/test.ovwritt.com\/news\/qualifikation-2017\/#primaryimage\"},\"image\":{\"@id\":\"https:\/\/test.ovwritt.com\/news\/qualifikation-2017\/#primaryimage\"},\"thumbnailUrl\":\"https:\/\/test.ovwritt.com\/wp-content\/uploads\/2016\/08\/quali.jpg\",\"datePublished\":\"2016-08-23T15:29:14+00:00\",\"dateModified\":\"2018-05-03T19:28:35+00:00\",\"author\":{\"@id\":\"https:\/\/test.ovwritt.com\/#\/schema\/person\/031cb12ded16fee6bce74e7c5cedeaf3\"},\"breadcrumb\":{\"@id\":\"https:\/\/test.ovwritt.com\/news\/qualifikation-2017\/#breadcrumb\"},\"inLanguage\":\"de\",\"potentialAction\":[{\"@type\":\"ReadAction\",\"target\":[\"https:\/\/test.ovwritt.com\/news\/qualifikation-2017\/\"]}]},{\"@type\":\"ImageObject\",\"inLanguage\":\"de\",\"@id\":\"https:\/\/test.ovwritt.com\/news\/qualifikation-2017\/#primaryimage\",\"url\":\"https:\/\/test.ovwritt.com\/wp-content\/uploads\/2016\/08\/quali.jpg\",\"contentUrl\":\"https:\/\/test.ovwritt.com\/wp-content\/uploads\/2016\/08\/quali.jpg\",\"width\":1024,\"height\":496},{\"@type\":\"BreadcrumbList\",\"@id\":\"https:\/\/test.ovwritt.com\/news\/qualifikation-2017\/#breadcrumb\",\"itemListElement\":[{\"@type\":\"ListItem\",\"position\":1,\"name\":\"Startseite\",\"item\":\"https:\/\/test.ovwritt.com\/\"},{\"@type\":\"ListItem\",\"position\":2,\"name\":\"Qualifikation 2017\"}]},{\"@type\":\"WebSite\",\"@id\":\"https:\/\/test.ovwritt.com\/#website\",\"url\":\"https:\/\/test.ovwritt.com\/\",\"name\":\"Der Oswald von Wolkenstein Ritt\",\"description\":\"Das gr\u00f6\u00dfte Reitspektakel S\u00fcdtirols\",\"potentialAction\":[{\"@type\":\"SearchAction\",\"target\":{\"@type\":\"EntryPoint\",\"urlTemplate\":\"https:\/\/test.ovwritt.com\/?s={search_term_string}\"},\"query-input\":{\"@type\":\"PropertyValueSpecification\",\"valueRequired\":true,\"valueName\":\"search_term_string\"}}],\"inLanguage\":\"de\"},{\"@type\":\"Person\",\"@id\":\"https:\/\/test.ovwritt.com\/#\/schema\/person\/031cb12ded16fee6bce74e7c5cedeaf3\",\"name\":\"peter\",\"image\":{\"@type\":\"ImageObject\",\"inLanguage\":\"de\",\"@id\":\"https:\/\/test.ovwritt.com\/#\/schema\/person\/image\/\",\"url\":\"https:\/\/secure.gravatar.com\/avatar\/2eae265c446abfdba86ec66bd3e380742665f8cdecebf424d120579481b11584?s=96&d=mm&r=g\",\"contentUrl\":\"https:\/\/secure.gravatar.com\/avatar\/2eae265c446abfdba86ec66bd3e380742665f8cdecebf424d120579481b11584?s=96&d=mm&r=g\",\"caption\":\"peter\"},\"url\":\"https:\/\/test.ovwritt.com\/author\/peter\/\"}]}<\/script>\n<!-- \/ Yoast SEO plugin. -->","yoast_head_json":{"title":"Qualifikation 2017 - Der Oswald von Wolkenstein Ritt","robots":{"index":"noindex","follow":"follow","max-snippet":"max-snippet:-1","max-image-preview":"max-image-preview:large","max-video-preview":"max-video-preview:-1"},"og_locale":"de_DE","og_type":"article","og_title":"Qualifikation 2017 - Der Oswald von Wolkenstein Ritt","og_description":"Am Samstag, den 27. Mai um 14:30 Uhr findet am Matzlb\u00f6dele in Seis der Qualifikationswettkampf zu S\u00fcdtirols gr\u00f6\u00dftem Reitspektakel statt. Auch viele neu formierte Mannschaften stellen sich der Herausforderung.","og_url":"https:\/\/test.ovwritt.com\/news\/qualifikation-2017\/","og_site_name":"Der Oswald von Wolkenstein Ritt","article_publisher":"https:\/\/www.facebook.com\/ovwritt\/","article_published_time":"2016-08-23T15:29:14+00:00","article_modified_time":"2018-05-03T19:28:35+00:00","og_image":[{"width":1024,"height":496,"url":"https:\/\/test.ovwritt.com\/wp-content\/uploads\/2016\/08\/quali.jpg","type":"image\/jpeg"}],"author":"peter","twitter_misc":{"Verfasst von":"peter","Gesch\u00e4tzte Lesezeit":"1\u00a0Minute"},"schema":{"@context":"https:\/\/schema.org","@graph":[{"@type":"Article","@id":"https:\/\/test.ovwritt.com\/news\/qualifikation-2017\/#article","isPartOf":{"@id":"https:\/\/test.ovwritt.com\/news\/qualifikation-2017\/"},"author":{"name":"peter","@id":"https:\/\/test.ovwritt.com\/#\/schema\/person\/031cb12ded16fee6bce74e7c5cedeaf3"},"headline":"Qualifikation 2017","datePublished":"2016-08-23T15:29:14+00:00","dateModified":"2018-05-03T19:28:35+00:00","mainEntityOfPage":{"@id":"https:\/\/test.ovwritt.com\/news\/qualifikation-2017\/"},"wordCount":185,"commentCount":0,"image":{"@id":"https:\/\/test.ovwritt.com\/news\/qualifikation-2017\/#primaryimage"},"thumbnailUrl":"https:\/\/test.ovwritt.com\/wp-content\/uploads\/2016\/08\/quali.jpg","articleSection":["News"],"inLanguage":"de","potentialAction":[{"@type":"CommentAction","name":"Comment","target":["https:\/\/test.ovwritt.com\/news\/qualifikation-2017\/#respond"]}]},{"@type":"WebPage","@id":"https:\/\/test.ovwritt.com\/news\/qualifikation-2017\/","url":"https:\/\/test.ovwritt.com\/news\/qualifikation-2017\/","name":"Qualifikation 2017 - Der Oswald von Wolkenstein Ritt","isPartOf":{"@id":"https:\/\/test.ovwritt.com\/#website"},"primaryImageOfPage":{"@id":"https:\/\/test.ovwritt.com\/news\/qualifikation-2017\/#primaryimage"},"image":{"@id":"https:\/\/test.ovwritt.com\/news\/qualifikation-2017\/#primaryimage"},"thumbnailUrl":"https:\/\/test.ovwritt.com\/wp-content\/uploads\/2016\/08\/quali.jpg","datePublished":"2016-08-23T15:29:14+00:00","dateModified":"2018-05-03T19:28:35+00:00","author":{"@id":"https:\/\/test.ovwritt.com\/#\/schema\/person\/031cb12ded16fee6bce74e7c5cedeaf3"},"breadcrumb":{"@id":"https:\/\/test.ovwritt.com\/news\/qualifikation-2017\/#breadcrumb"},"inLanguage":"de","potentialAction":[{"@type":"ReadAction","target":["https:\/\/test.ovwritt.com\/news\/qualifikation-2017\/"]}]},{"@type":"ImageObject","inLanguage":"de","@id":"https:\/\/test.ovwritt.com\/news\/qualifikation-2017\/#primaryimage","url":"https:\/\/test.ovwritt.com\/wp-content\/uploads\/2016\/08\/quali.jpg","contentUrl":"https:\/\/test.ovwritt.com\/wp-content\/uploads\/2016\/08\/quali.jpg","width":1024,"height":496},{"@type":"BreadcrumbList","@id":"https:\/\/test.ovwritt.com\/news\/qualifikation-2017\/#breadcrumb","itemListElement":[{"@type":"ListItem","position":1,"name":"Startseite","item":"https:\/\/test.ovwritt.com\/"},{"@type":"ListItem","position":2,"name":"Qualifikation 2017"}]},{"@type":"WebSite","@id":"https:\/\/test.ovwritt.com\/#website","url":"https:\/\/test.ovwritt.com\/","name":"Der Oswald von Wolkenstein Ritt","description":"Das gr\u00f6\u00dfte Reitspektakel S\u00fcdtirols","potentialAction":[{"@type":"SearchAction","target":{"@type":"EntryPoint","urlTemplate":"https:\/\/test.ovwritt.com\/?s={search_term_string}"},"query-input":{"@type":"PropertyValueSpecification","valueRequired":true,"valueName":"search_term_string"}}],"inLanguage":"de"},{"@type":"Person","@id":"https:\/\/test.ovwritt.com\/#\/schema\/person\/031cb12ded16fee6bce74e7c5cedeaf3","name":"peter","image":{"@type":"ImageObject","inLanguage":"de","@id":"https:\/\/test.ovwritt.com\/#\/schema\/person\/image\/","url":"https:\/\/secure.gravatar.com\/avatar\/2eae265c446abfdba86ec66bd3e380742665f8cdecebf424d120579481b11584?s=96&d=mm&r=g","contentUrl":"https:\/\/secure.gravatar.com\/avatar\/2eae265c446abfdba86ec66bd3e380742665f8cdecebf424d120579481b11584?s=96&d=mm&r=g","caption":"peter"},"url":"https:\/\/test.ovwritt.com\/author\/peter\/"}]}},"_links":{"self":[{"href":"https:\/\/test.ovwritt.com\/json\/wp\/v2\/posts\/569","targetHints":{"allow":["GET"]}}],"collection":[{"href":"https:\/\/test.ovwritt.com\/json\/wp\/v2\/posts"}],"about":[{"href":"https:\/\/test.ovwritt.com\/json\/wp\/v2\/types\/post"}],"author":[{"embeddable":true,"href":"https:\/\/test.ovwritt.com\/json\/wp\/v2\/users\/2"}],"replies":[{"embeddable":true,"href":"https:\/\/test.ovwritt.com\/json\/wp\/v2\/comments?post=569"}],"version-history":[{"count":15,"href":"https:\/\/test.ovwritt.com\/json\/wp\/v2\/posts\/569\/revisions"}],"predecessor-version":[{"id":673,"href":"https:\/\/test.ovwritt.com\/json\/wp\/v2\/posts\/569\/revisions\/673"}],"wp:featuredmedia":[{"embeddable":true,"href":"https:\/\/test.ovwritt.com\/json\/wp\/v2\/media\/722"}],"wp:attachment":[{"href":"https:\/\/test.ovwritt.com\/json\/wp\/v2\/media?parent=569"}],"wp:term":[{"taxonomy":"category","embeddable":true,"href":"https:\/\/test.ovwritt.com\/json\/wp\/v2\/categories?post=569"},{"taxonomy":"post_tag","embeddable":true,"href":"https:\/\/test.ovwritt.com\/json\/wp\/v2\/tags?post=569"}],"curies":[{"name":"wp","href":"https:\/\/api.w.org\/{rel}","templated":true}]}}