{"id":258,"date":"2015-06-15T20:59:39","date_gmt":"2015-06-15T18:59:39","guid":{"rendered":"http:\/\/test.ovwritt.com\/?p=258"},"modified":"2018-05-03T21:30:05","modified_gmt":"2018-05-03T19:30:05","slug":"presseaussendung-2015","status":"publish","type":"post","link":"https:\/\/test.ovwritt.com\/news\/presseaussendung-2015\/","title":{"rendered":"Presseaussendung 2015"},"content":{"rendered":"<p><strong>Kastelruth Telfen Sieger beim Oswald von Wolkenstein-Ritt<\/strong><\/p>\n<p><strong>Die Sieger des 33. Oswald von Wolkenstein-Ritts stehen fest: Die Mannschaft Kastelruth Telfen<br \/>\nmit Gasslitter Reinhold, Gasslitter Georg, Moser Stefan und\u00a0Gasslitter Verena war am Ende des Tages nicht zu schlagen.<\/strong><\/p>\n<p>Insgesamt traten heuer wieder 36 Mannschaften an, um sich auf den vier Turnierpl\u00e4tzen beim Ringstechen am Kofel in Kastelruth, im Labyrinth in Seis, beim Hindernisgalopp auf dem V\u00f6lser Weiher und beim alles entscheidenden Torritt vor dem Schloss Pr\u00f6sels in Schnelligkeit und Geschicklichkeit im Umgang mit ihren Pferden zu messen. Der Oswald von Wolkenstein-Ritt hat wieder Tausende Zuschauer in seinen Bann gezogen. Nicht nur die vier Spiele am Sonntag, sondern auch das gro\u00dfe Fest am Freitag und Samstag in V\u00f6ls mit mittelalterlichem Markt, Feuershow und Live-Musik waren sehr gut besucht.<\/p>\n","protected":false},"excerpt":{"rendered":"<p>Kastelruth Telfen Sieger beim Oswald von Wolkenstein-Ritt Die Sieger des 33. Oswald von Wolkenstein-Ritts stehen fest: Die Mannschaft Kastelruth Telfen mit Gasslitter Reinhold, Gasslitter Georg, Moser Stefan und\u00a0Gasslitter Verena war am Ende des Tages nicht zu schlagen. Insgesamt traten heuer wieder 36 Mannschaften an, um sich auf den vier Turnierpl\u00e4tzen beim Ringstechen am Kofel in [&hellip;]<\/p>\n","protected":false},"author":2,"featured_media":260,"comment_status":"open","ping_status":"closed","sticky":false,"template":"","format":"standard","meta":{"_acf_changed":false,"footnotes":""},"categories":[7,11],"tags":[],"class_list":["post-258","post","type-post","status-publish","format-standard","has-post-thumbnail","hentry","category-news","category-presse"],"acf":[],"yoast_head":"<!-- This site is optimized with the Yoast SEO plugin v27.1.1 - https:\/\/yoast.com\/product\/yoast-seo-wordpress\/ -->\n<title>Presseaussendung 2015 - Der Oswald von Wolkenstein Ritt<\/title>\n<meta name=\"robots\" content=\"noindex, follow, max-snippet:-1, max-image-preview:large, max-video-preview:-1\" \/>\n<meta property=\"og:locale\" content=\"de_DE\" \/>\n<meta property=\"og:type\" content=\"article\" \/>\n<meta property=\"og:title\" content=\"Presseaussendung 2015 - Der Oswald von Wolkenstein Ritt\" \/>\n<meta property=\"og:description\" content=\"Kastelruth Telfen Sieger beim Oswald von Wolkenstein-Ritt Die Sieger des 33. Oswald von Wolkenstein-Ritts stehen fest: Die Mannschaft Kastelruth Telfen mit Gasslitter Reinhold, Gasslitter Georg, Moser Stefan und\u00a0Gasslitter Verena war am Ende des Tages nicht zu schlagen. Insgesamt traten heuer wieder 36 Mannschaften an, um sich auf den vier Turnierpl\u00e4tzen beim Ringstechen am Kofel in [&hellip;]\" \/>\n<meta property=\"og:url\" content=\"https:\/\/test.ovwritt.com\/news\/presseaussendung-2015\/\" \/>\n<meta property=\"og:site_name\" content=\"Der Oswald von Wolkenstein Ritt\" \/>\n<meta property=\"article:publisher\" content=\"https:\/\/www.facebook.com\/ovwritt\/\" \/>\n<meta property=\"article:published_time\" content=\"2015-06-15T18:59:39+00:00\" \/>\n<meta property=\"article:modified_time\" content=\"2018-05-03T19:30:05+00:00\" \/>\n<meta property=\"og:image\" content=\"https:\/\/test.ovwritt.com\/wp-content\/uploads\/2016\/04\/siegermannschaft-2015.jpg\" \/>\n\t<meta property=\"og:image:width\" content=\"825\" \/>\n\t<meta property=\"og:image:height\" content=\"539\" \/>\n\t<meta property=\"og:image:type\" content=\"image\/jpeg\" \/>\n<meta name=\"author\" content=\"peter\" \/>\n<meta name=\"twitter:label1\" content=\"Verfasst von\" \/>\n\t<meta name=\"twitter:data1\" content=\"peter\" \/>\n\t<meta name=\"twitter:label2\" content=\"Gesch\u00e4tzte Lesezeit\" \/>\n\t<meta name=\"twitter:data2\" content=\"1\u00a0Minute\" \/>\n<script type=\"application\/ld+json\" class=\"yoast-schema-graph\">{\"@context\":\"https:\/\/schema.org\",\"@graph\":[{\"@type\":\"Article\",\"@id\":\"https:\/\/test.ovwritt.com\/news\/presseaussendung-2015\/#article\",\"isPartOf\":{\"@id\":\"https:\/\/test.ovwritt.com\/news\/presseaussendung-2015\/\"},\"author\":{\"name\":\"peter\",\"@id\":\"https:\/\/test.ovwritt.com\/#\/schema\/person\/031cb12ded16fee6bce74e7c5cedeaf3\"},\"headline\":\"Presseaussendung 2015\",\"datePublished\":\"2015-06-15T18:59:39+00:00\",\"dateModified\":\"2018-05-03T19:30:05+00:00\",\"mainEntityOfPage\":{\"@id\":\"https:\/\/test.ovwritt.com\/news\/presseaussendung-2015\/\"},\"wordCount\":131,\"commentCount\":0,\"image\":{\"@id\":\"https:\/\/test.ovwritt.com\/news\/presseaussendung-2015\/#primaryimage\"},\"thumbnailUrl\":\"https:\/\/test.ovwritt.com\/wp-content\/uploads\/2016\/04\/siegermannschaft-2015.jpg\",\"articleSection\":[\"News\",\"Presse\"],\"inLanguage\":\"de\",\"potentialAction\":[{\"@type\":\"CommentAction\",\"name\":\"Comment\",\"target\":[\"https:\/\/test.ovwritt.com\/news\/presseaussendung-2015\/#respond\"]}]},{\"@type\":\"WebPage\",\"@id\":\"https:\/\/test.ovwritt.com\/news\/presseaussendung-2015\/\",\"url\":\"https:\/\/test.ovwritt.com\/news\/presseaussendung-2015\/\",\"name\":\"Presseaussendung 2015 - Der Oswald von Wolkenstein Ritt\",\"isPartOf\":{\"@id\":\"https:\/\/test.ovwritt.com\/#website\"},\"primaryImageOfPage\":{\"@id\":\"https:\/\/test.ovwritt.com\/news\/presseaussendung-2015\/#primaryimage\"},\"image\":{\"@id\":\"https:\/\/test.ovwritt.com\/news\/presseaussendung-2015\/#primaryimage\"},\"thumbnailUrl\":\"https:\/\/test.ovwritt.com\/wp-content\/uploads\/2016\/04\/siegermannschaft-2015.jpg\",\"datePublished\":\"2015-06-15T18:59:39+00:00\",\"dateModified\":\"2018-05-03T19:30:05+00:00\",\"author\":{\"@id\":\"https:\/\/test.ovwritt.com\/#\/schema\/person\/031cb12ded16fee6bce74e7c5cedeaf3\"},\"breadcrumb\":{\"@id\":\"https:\/\/test.ovwritt.com\/news\/presseaussendung-2015\/#breadcrumb\"},\"inLanguage\":\"de\",\"potentialAction\":[{\"@type\":\"ReadAction\",\"target\":[\"https:\/\/test.ovwritt.com\/news\/presseaussendung-2015\/\"]}]},{\"@type\":\"ImageObject\",\"inLanguage\":\"de\",\"@id\":\"https:\/\/test.ovwritt.com\/news\/presseaussendung-2015\/#primaryimage\",\"url\":\"https:\/\/test.ovwritt.com\/wp-content\/uploads\/2016\/04\/siegermannschaft-2015.jpg\",\"contentUrl\":\"https:\/\/test.ovwritt.com\/wp-content\/uploads\/2016\/04\/siegermannschaft-2015.jpg\",\"width\":825,\"height\":539},{\"@type\":\"BreadcrumbList\",\"@id\":\"https:\/\/test.ovwritt.com\/news\/presseaussendung-2015\/#breadcrumb\",\"itemListElement\":[{\"@type\":\"ListItem\",\"position\":1,\"name\":\"Startseite\",\"item\":\"https:\/\/test.ovwritt.com\/\"},{\"@type\":\"ListItem\",\"position\":2,\"name\":\"Presseaussendung 2015\"}]},{\"@type\":\"WebSite\",\"@id\":\"https:\/\/test.ovwritt.com\/#website\",\"url\":\"https:\/\/test.ovwritt.com\/\",\"name\":\"Der Oswald von Wolkenstein Ritt\",\"description\":\"Das gr\u00f6\u00dfte Reitspektakel S\u00fcdtirols\",\"potentialAction\":[{\"@type\":\"SearchAction\",\"target\":{\"@type\":\"EntryPoint\",\"urlTemplate\":\"https:\/\/test.ovwritt.com\/?s={search_term_string}\"},\"query-input\":{\"@type\":\"PropertyValueSpecification\",\"valueRequired\":true,\"valueName\":\"search_term_string\"}}],\"inLanguage\":\"de\"},{\"@type\":\"Person\",\"@id\":\"https:\/\/test.ovwritt.com\/#\/schema\/person\/031cb12ded16fee6bce74e7c5cedeaf3\",\"name\":\"peter\",\"image\":{\"@type\":\"ImageObject\",\"inLanguage\":\"de\",\"@id\":\"https:\/\/test.ovwritt.com\/#\/schema\/person\/image\/\",\"url\":\"https:\/\/secure.gravatar.com\/avatar\/2eae265c446abfdba86ec66bd3e380742665f8cdecebf424d120579481b11584?s=96&d=mm&r=g\",\"contentUrl\":\"https:\/\/secure.gravatar.com\/avatar\/2eae265c446abfdba86ec66bd3e380742665f8cdecebf424d120579481b11584?s=96&d=mm&r=g\",\"caption\":\"peter\"},\"url\":\"https:\/\/test.ovwritt.com\/author\/peter\/\"}]}<\/script>\n<!-- \/ Yoast SEO plugin. -->","yoast_head_json":{"title":"Presseaussendung 2015 - Der Oswald von Wolkenstein Ritt","robots":{"index":"noindex","follow":"follow","max-snippet":"max-snippet:-1","max-image-preview":"max-image-preview:large","max-video-preview":"max-video-preview:-1"},"og_locale":"de_DE","og_type":"article","og_title":"Presseaussendung 2015 - Der Oswald von Wolkenstein Ritt","og_description":"Kastelruth Telfen Sieger beim Oswald von Wolkenstein-Ritt Die Sieger des 33. Oswald von Wolkenstein-Ritts stehen fest: Die Mannschaft Kastelruth Telfen mit Gasslitter Reinhold, Gasslitter Georg, Moser Stefan und\u00a0Gasslitter Verena war am Ende des Tages nicht zu schlagen. Insgesamt traten heuer wieder 36 Mannschaften an, um sich auf den vier Turnierpl\u00e4tzen beim Ringstechen am Kofel in [&hellip;]","og_url":"https:\/\/test.ovwritt.com\/news\/presseaussendung-2015\/","og_site_name":"Der Oswald von Wolkenstein Ritt","article_publisher":"https:\/\/www.facebook.com\/ovwritt\/","article_published_time":"2015-06-15T18:59:39+00:00","article_modified_time":"2018-05-03T19:30:05+00:00","og_image":[{"width":825,"height":539,"url":"https:\/\/test.ovwritt.com\/wp-content\/uploads\/2016\/04\/siegermannschaft-2015.jpg","type":"image\/jpeg"}],"author":"peter","twitter_misc":{"Verfasst von":"peter","Gesch\u00e4tzte Lesezeit":"1\u00a0Minute"},"schema":{"@context":"https:\/\/schema.org","@graph":[{"@type":"Article","@id":"https:\/\/test.ovwritt.com\/news\/presseaussendung-2015\/#article","isPartOf":{"@id":"https:\/\/test.ovwritt.com\/news\/presseaussendung-2015\/"},"author":{"name":"peter","@id":"https:\/\/test.ovwritt.com\/#\/schema\/person\/031cb12ded16fee6bce74e7c5cedeaf3"},"headline":"Presseaussendung 2015","datePublished":"2015-06-15T18:59:39+00:00","dateModified":"2018-05-03T19:30:05+00:00","mainEntityOfPage":{"@id":"https:\/\/test.ovwritt.com\/news\/presseaussendung-2015\/"},"wordCount":131,"commentCount":0,"image":{"@id":"https:\/\/test.ovwritt.com\/news\/presseaussendung-2015\/#primaryimage"},"thumbnailUrl":"https:\/\/test.ovwritt.com\/wp-content\/uploads\/2016\/04\/siegermannschaft-2015.jpg","articleSection":["News","Presse"],"inLanguage":"de","potentialAction":[{"@type":"CommentAction","name":"Comment","target":["https:\/\/test.ovwritt.com\/news\/presseaussendung-2015\/#respond"]}]},{"@type":"WebPage","@id":"https:\/\/test.ovwritt.com\/news\/presseaussendung-2015\/","url":"https:\/\/test.ovwritt.com\/news\/presseaussendung-2015\/","name":"Presseaussendung 2015 - Der Oswald von Wolkenstein Ritt","isPartOf":{"@id":"https:\/\/test.ovwritt.com\/#website"},"primaryImageOfPage":{"@id":"https:\/\/test.ovwritt.com\/news\/presseaussendung-2015\/#primaryimage"},"image":{"@id":"https:\/\/test.ovwritt.com\/news\/presseaussendung-2015\/#primaryimage"},"thumbnailUrl":"https:\/\/test.ovwritt.com\/wp-content\/uploads\/2016\/04\/siegermannschaft-2015.jpg","datePublished":"2015-06-15T18:59:39+00:00","dateModified":"2018-05-03T19:30:05+00:00","author":{"@id":"https:\/\/test.ovwritt.com\/#\/schema\/person\/031cb12ded16fee6bce74e7c5cedeaf3"},"breadcrumb":{"@id":"https:\/\/test.ovwritt.com\/news\/presseaussendung-2015\/#breadcrumb"},"inLanguage":"de","potentialAction":[{"@type":"ReadAction","target":["https:\/\/test.ovwritt.com\/news\/presseaussendung-2015\/"]}]},{"@type":"ImageObject","inLanguage":"de","@id":"https:\/\/test.ovwritt.com\/news\/presseaussendung-2015\/#primaryimage","url":"https:\/\/test.ovwritt.com\/wp-content\/uploads\/2016\/04\/siegermannschaft-2015.jpg","contentUrl":"https:\/\/test.ovwritt.com\/wp-content\/uploads\/2016\/04\/siegermannschaft-2015.jpg","width":825,"height":539},{"@type":"BreadcrumbList","@id":"https:\/\/test.ovwritt.com\/news\/presseaussendung-2015\/#breadcrumb","itemListElement":[{"@type":"ListItem","position":1,"name":"Startseite","item":"https:\/\/test.ovwritt.com\/"},{"@type":"ListItem","position":2,"name":"Presseaussendung 2015"}]},{"@type":"WebSite","@id":"https:\/\/test.ovwritt.com\/#website","url":"https:\/\/test.ovwritt.com\/","name":"Der Oswald von Wolkenstein Ritt","description":"Das gr\u00f6\u00dfte Reitspektakel S\u00fcdtirols","potentialAction":[{"@type":"SearchAction","target":{"@type":"EntryPoint","urlTemplate":"https:\/\/test.ovwritt.com\/?s={search_term_string}"},"query-input":{"@type":"PropertyValueSpecification","valueRequired":true,"valueName":"search_term_string"}}],"inLanguage":"de"},{"@type":"Person","@id":"https:\/\/test.ovwritt.com\/#\/schema\/person\/031cb12ded16fee6bce74e7c5cedeaf3","name":"peter","image":{"@type":"ImageObject","inLanguage":"de","@id":"https:\/\/test.ovwritt.com\/#\/schema\/person\/image\/","url":"https:\/\/secure.gravatar.com\/avatar\/2eae265c446abfdba86ec66bd3e380742665f8cdecebf424d120579481b11584?s=96&d=mm&r=g","contentUrl":"https:\/\/secure.gravatar.com\/avatar\/2eae265c446abfdba86ec66bd3e380742665f8cdecebf424d120579481b11584?s=96&d=mm&r=g","caption":"peter"},"url":"https:\/\/test.ovwritt.com\/author\/peter\/"}]}},"_links":{"self":[{"href":"https:\/\/test.ovwritt.com\/json\/wp\/v2\/posts\/258","targetHints":{"allow":["GET"]}}],"collection":[{"href":"https:\/\/test.ovwritt.com\/json\/wp\/v2\/posts"}],"about":[{"href":"https:\/\/test.ovwritt.com\/json\/wp\/v2\/types\/post"}],"author":[{"embeddable":true,"href":"https:\/\/test.ovwritt.com\/json\/wp\/v2\/users\/2"}],"replies":[{"embeddable":true,"href":"https:\/\/test.ovwritt.com\/json\/wp\/v2\/comments?post=258"}],"version-history":[{"count":4,"href":"https:\/\/test.ovwritt.com\/json\/wp\/v2\/posts\/258\/revisions"}],"predecessor-version":[{"id":1526,"href":"https:\/\/test.ovwritt.com\/json\/wp\/v2\/posts\/258\/revisions\/1526"}],"wp:featuredmedia":[{"embeddable":true,"href":"https:\/\/test.ovwritt.com\/json\/wp\/v2\/media\/260"}],"wp:attachment":[{"href":"https:\/\/test.ovwritt.com\/json\/wp\/v2\/media?parent=258"}],"wp:term":[{"taxonomy":"category","embeddable":true,"href":"https:\/\/test.ovwritt.com\/json\/wp\/v2\/categories?post=258"},{"taxonomy":"post_tag","embeddable":true,"href":"https:\/\/test.ovwritt.com\/json\/wp\/v2\/tags?post=258"}],"curies":[{"name":"wp","href":"https:\/\/api.w.org\/{rel}","templated":true}]}}