{"id":1730,"date":"2018-07-13T17:47:23","date_gmt":"2018-07-13T15:47:23","guid":{"rendered":"https:\/\/test.ovwritt.com\/?p=1730"},"modified":"2018-11-20T09:55:09","modified_gmt":"2018-11-20T08:55:09","slug":"termine-2019","status":"publish","type":"post","link":"https:\/\/test.ovwritt.com\/news\/termine-2019\/","title":{"rendered":"Termine 2019"},"content":{"rendered":"<h4 class=\"uk-text-center\">Die Daten f\u00fcr den 37. Oswald von Wolkenstein Ritt 2019 stehen bereits fest:<\/h4>\n<ul class=\"uk-list-striped\">\n<li>Qualifikation mit dem Spiel \u201eRingstechen\u201c am Kofel in Kastelruth am 18.05.2019<\/li>\n<li>Er\u00f6ffnungsfeier am Dorfplatz von Kastelruth am 31.05.2019<\/li>\n<li>Er\u00f6ffnungsumzug durch Kastelruth mit den teilnehmenden Mannschaften und vielem mehr am 01.06.2019<\/li>\n<li>Die 4 Turnierspiele des Oswald von Wolkenstein Ritt am 02.06.2019<\/li>\n<\/ul>\n<p>&nbsp;<\/p>\n","protected":false},"excerpt":{"rendered":"<p>Die Daten f\u00fcr den 37. Oswald von Wolkenstein Ritt 2019 stehen bereits fest: Qualifikation mit dem Spiel \u201eRingstechen\u201c am Kofel in Kastelruth am 18.05.2019 Er\u00f6ffnungsfeier am Dorfplatz von Kastelruth am 31.05.2019 Er\u00f6ffnungsumzug durch Kastelruth mit den teilnehmenden Mannschaften und vielem mehr am 01.06.2019 Die 4 Turnierspiele des Oswald von Wolkenstein Ritt am 02.06.2019 &nbsp;<\/p>\n","protected":false},"author":2,"featured_media":1731,"comment_status":"open","ping_status":"closed","sticky":false,"template":"","format":"standard","meta":{"_acf_changed":false,"footnotes":""},"categories":[7],"tags":[],"class_list":["post-1730","post","type-post","status-publish","format-standard","has-post-thumbnail","hentry","category-news"],"acf":[],"yoast_head":"<!-- This site is optimized with the Yoast SEO plugin v27.1.1 - https:\/\/yoast.com\/product\/yoast-seo-wordpress\/ -->\n<title>Termine 2019 - Der Oswald von Wolkenstein Ritt<\/title>\n<meta name=\"robots\" content=\"noindex, follow, max-snippet:-1, max-image-preview:large, max-video-preview:-1\" \/>\n<meta property=\"og:locale\" content=\"de_DE\" \/>\n<meta property=\"og:type\" content=\"article\" \/>\n<meta property=\"og:title\" content=\"Termine 2019 - Der Oswald von Wolkenstein Ritt\" \/>\n<meta property=\"og:description\" content=\"Die Daten f\u00fcr den 37. Oswald von Wolkenstein Ritt 2019 stehen bereits fest: Qualifikation mit dem Spiel \u201eRingstechen\u201c am Kofel in Kastelruth am 18.05.2019 Er\u00f6ffnungsfeier am Dorfplatz von Kastelruth am 31.05.2019 Er\u00f6ffnungsumzug durch Kastelruth mit den teilnehmenden Mannschaften und vielem mehr am 01.06.2019 Die 4 Turnierspiele des Oswald von Wolkenstein Ritt am 02.06.2019 &nbsp;\" \/>\n<meta property=\"og:url\" content=\"https:\/\/test.ovwritt.com\/news\/termine-2019\/\" \/>\n<meta property=\"og:site_name\" content=\"Der Oswald von Wolkenstein Ritt\" \/>\n<meta property=\"article:publisher\" content=\"https:\/\/www.facebook.com\/ovwritt\/\" \/>\n<meta property=\"article:published_time\" content=\"2018-07-13T15:47:23+00:00\" \/>\n<meta property=\"article:modified_time\" content=\"2018-11-20T08:55:09+00:00\" \/>\n<meta property=\"og:image\" content=\"https:\/\/test.ovwritt.com\/wp-content\/uploads\/2018\/07\/termine-2019.jpg\" \/>\n\t<meta property=\"og:image:width\" content=\"1920\" \/>\n\t<meta property=\"og:image:height\" content=\"661\" \/>\n\t<meta property=\"og:image:type\" content=\"image\/jpeg\" \/>\n<meta name=\"author\" content=\"peter\" \/>\n<meta name=\"twitter:label1\" content=\"Verfasst von\" \/>\n\t<meta name=\"twitter:data1\" content=\"peter\" \/>\n<script type=\"application\/ld+json\" class=\"yoast-schema-graph\">{\"@context\":\"https:\/\/schema.org\",\"@graph\":[{\"@type\":\"Article\",\"@id\":\"https:\/\/test.ovwritt.com\/news\/termine-2019\/#article\",\"isPartOf\":{\"@id\":\"https:\/\/test.ovwritt.com\/news\/termine-2019\/\"},\"author\":{\"name\":\"peter\",\"@id\":\"https:\/\/test.ovwritt.com\/#\/schema\/person\/031cb12ded16fee6bce74e7c5cedeaf3\"},\"headline\":\"Termine 2019\",\"datePublished\":\"2018-07-13T15:47:23+00:00\",\"dateModified\":\"2018-11-20T08:55:09+00:00\",\"mainEntityOfPage\":{\"@id\":\"https:\/\/test.ovwritt.com\/news\/termine-2019\/\"},\"wordCount\":51,\"commentCount\":2,\"image\":{\"@id\":\"https:\/\/test.ovwritt.com\/news\/termine-2019\/#primaryimage\"},\"thumbnailUrl\":\"https:\/\/test.ovwritt.com\/wp-content\/uploads\/2018\/07\/termine-2019.jpg\",\"articleSection\":[\"News\"],\"inLanguage\":\"de\",\"potentialAction\":[{\"@type\":\"CommentAction\",\"name\":\"Comment\",\"target\":[\"https:\/\/test.ovwritt.com\/news\/termine-2019\/#respond\"]}]},{\"@type\":\"WebPage\",\"@id\":\"https:\/\/test.ovwritt.com\/news\/termine-2019\/\",\"url\":\"https:\/\/test.ovwritt.com\/news\/termine-2019\/\",\"name\":\"Termine 2019 - Der Oswald von Wolkenstein Ritt\",\"isPartOf\":{\"@id\":\"https:\/\/test.ovwritt.com\/#website\"},\"primaryImageOfPage\":{\"@id\":\"https:\/\/test.ovwritt.com\/news\/termine-2019\/#primaryimage\"},\"image\":{\"@id\":\"https:\/\/test.ovwritt.com\/news\/termine-2019\/#primaryimage\"},\"thumbnailUrl\":\"https:\/\/test.ovwritt.com\/wp-content\/uploads\/2018\/07\/termine-2019.jpg\",\"datePublished\":\"2018-07-13T15:47:23+00:00\",\"dateModified\":\"2018-11-20T08:55:09+00:00\",\"author\":{\"@id\":\"https:\/\/test.ovwritt.com\/#\/schema\/person\/031cb12ded16fee6bce74e7c5cedeaf3\"},\"breadcrumb\":{\"@id\":\"https:\/\/test.ovwritt.com\/news\/termine-2019\/#breadcrumb\"},\"inLanguage\":\"de\",\"potentialAction\":[{\"@type\":\"ReadAction\",\"target\":[\"https:\/\/test.ovwritt.com\/news\/termine-2019\/\"]}]},{\"@type\":\"ImageObject\",\"inLanguage\":\"de\",\"@id\":\"https:\/\/test.ovwritt.com\/news\/termine-2019\/#primaryimage\",\"url\":\"https:\/\/test.ovwritt.com\/wp-content\/uploads\/2018\/07\/termine-2019.jpg\",\"contentUrl\":\"https:\/\/test.ovwritt.com\/wp-content\/uploads\/2018\/07\/termine-2019.jpg\",\"width\":1920,\"height\":661},{\"@type\":\"BreadcrumbList\",\"@id\":\"https:\/\/test.ovwritt.com\/news\/termine-2019\/#breadcrumb\",\"itemListElement\":[{\"@type\":\"ListItem\",\"position\":1,\"name\":\"Startseite\",\"item\":\"https:\/\/test.ovwritt.com\/\"},{\"@type\":\"ListItem\",\"position\":2,\"name\":\"Termine 2019\"}]},{\"@type\":\"WebSite\",\"@id\":\"https:\/\/test.ovwritt.com\/#website\",\"url\":\"https:\/\/test.ovwritt.com\/\",\"name\":\"Der Oswald von Wolkenstein Ritt\",\"description\":\"Das gr\u00f6\u00dfte Reitspektakel S\u00fcdtirols\",\"potentialAction\":[{\"@type\":\"SearchAction\",\"target\":{\"@type\":\"EntryPoint\",\"urlTemplate\":\"https:\/\/test.ovwritt.com\/?s={search_term_string}\"},\"query-input\":{\"@type\":\"PropertyValueSpecification\",\"valueRequired\":true,\"valueName\":\"search_term_string\"}}],\"inLanguage\":\"de\"},{\"@type\":\"Person\",\"@id\":\"https:\/\/test.ovwritt.com\/#\/schema\/person\/031cb12ded16fee6bce74e7c5cedeaf3\",\"name\":\"peter\",\"image\":{\"@type\":\"ImageObject\",\"inLanguage\":\"de\",\"@id\":\"https:\/\/test.ovwritt.com\/#\/schema\/person\/image\/\",\"url\":\"https:\/\/secure.gravatar.com\/avatar\/2eae265c446abfdba86ec66bd3e380742665f8cdecebf424d120579481b11584?s=96&d=mm&r=g\",\"contentUrl\":\"https:\/\/secure.gravatar.com\/avatar\/2eae265c446abfdba86ec66bd3e380742665f8cdecebf424d120579481b11584?s=96&d=mm&r=g\",\"caption\":\"peter\"},\"url\":\"https:\/\/test.ovwritt.com\/author\/peter\/\"}]}<\/script>\n<!-- \/ Yoast SEO plugin. -->","yoast_head_json":{"title":"Termine 2019 - Der Oswald von Wolkenstein Ritt","robots":{"index":"noindex","follow":"follow","max-snippet":"max-snippet:-1","max-image-preview":"max-image-preview:large","max-video-preview":"max-video-preview:-1"},"og_locale":"de_DE","og_type":"article","og_title":"Termine 2019 - Der Oswald von Wolkenstein Ritt","og_description":"Die Daten f\u00fcr den 37. Oswald von Wolkenstein Ritt 2019 stehen bereits fest: Qualifikation mit dem Spiel \u201eRingstechen\u201c am Kofel in Kastelruth am 18.05.2019 Er\u00f6ffnungsfeier am Dorfplatz von Kastelruth am 31.05.2019 Er\u00f6ffnungsumzug durch Kastelruth mit den teilnehmenden Mannschaften und vielem mehr am 01.06.2019 Die 4 Turnierspiele des Oswald von Wolkenstein Ritt am 02.06.2019 &nbsp;","og_url":"https:\/\/test.ovwritt.com\/news\/termine-2019\/","og_site_name":"Der Oswald von Wolkenstein Ritt","article_publisher":"https:\/\/www.facebook.com\/ovwritt\/","article_published_time":"2018-07-13T15:47:23+00:00","article_modified_time":"2018-11-20T08:55:09+00:00","og_image":[{"width":1920,"height":661,"url":"https:\/\/test.ovwritt.com\/wp-content\/uploads\/2018\/07\/termine-2019.jpg","type":"image\/jpeg"}],"author":"peter","twitter_misc":{"Verfasst von":"peter"},"schema":{"@context":"https:\/\/schema.org","@graph":[{"@type":"Article","@id":"https:\/\/test.ovwritt.com\/news\/termine-2019\/#article","isPartOf":{"@id":"https:\/\/test.ovwritt.com\/news\/termine-2019\/"},"author":{"name":"peter","@id":"https:\/\/test.ovwritt.com\/#\/schema\/person\/031cb12ded16fee6bce74e7c5cedeaf3"},"headline":"Termine 2019","datePublished":"2018-07-13T15:47:23+00:00","dateModified":"2018-11-20T08:55:09+00:00","mainEntityOfPage":{"@id":"https:\/\/test.ovwritt.com\/news\/termine-2019\/"},"wordCount":51,"commentCount":2,"image":{"@id":"https:\/\/test.ovwritt.com\/news\/termine-2019\/#primaryimage"},"thumbnailUrl":"https:\/\/test.ovwritt.com\/wp-content\/uploads\/2018\/07\/termine-2019.jpg","articleSection":["News"],"inLanguage":"de","potentialAction":[{"@type":"CommentAction","name":"Comment","target":["https:\/\/test.ovwritt.com\/news\/termine-2019\/#respond"]}]},{"@type":"WebPage","@id":"https:\/\/test.ovwritt.com\/news\/termine-2019\/","url":"https:\/\/test.ovwritt.com\/news\/termine-2019\/","name":"Termine 2019 - Der Oswald von Wolkenstein Ritt","isPartOf":{"@id":"https:\/\/test.ovwritt.com\/#website"},"primaryImageOfPage":{"@id":"https:\/\/test.ovwritt.com\/news\/termine-2019\/#primaryimage"},"image":{"@id":"https:\/\/test.ovwritt.com\/news\/termine-2019\/#primaryimage"},"thumbnailUrl":"https:\/\/test.ovwritt.com\/wp-content\/uploads\/2018\/07\/termine-2019.jpg","datePublished":"2018-07-13T15:47:23+00:00","dateModified":"2018-11-20T08:55:09+00:00","author":{"@id":"https:\/\/test.ovwritt.com\/#\/schema\/person\/031cb12ded16fee6bce74e7c5cedeaf3"},"breadcrumb":{"@id":"https:\/\/test.ovwritt.com\/news\/termine-2019\/#breadcrumb"},"inLanguage":"de","potentialAction":[{"@type":"ReadAction","target":["https:\/\/test.ovwritt.com\/news\/termine-2019\/"]}]},{"@type":"ImageObject","inLanguage":"de","@id":"https:\/\/test.ovwritt.com\/news\/termine-2019\/#primaryimage","url":"https:\/\/test.ovwritt.com\/wp-content\/uploads\/2018\/07\/termine-2019.jpg","contentUrl":"https:\/\/test.ovwritt.com\/wp-content\/uploads\/2018\/07\/termine-2019.jpg","width":1920,"height":661},{"@type":"BreadcrumbList","@id":"https:\/\/test.ovwritt.com\/news\/termine-2019\/#breadcrumb","itemListElement":[{"@type":"ListItem","position":1,"name":"Startseite","item":"https:\/\/test.ovwritt.com\/"},{"@type":"ListItem","position":2,"name":"Termine 2019"}]},{"@type":"WebSite","@id":"https:\/\/test.ovwritt.com\/#website","url":"https:\/\/test.ovwritt.com\/","name":"Der Oswald von Wolkenstein Ritt","description":"Das gr\u00f6\u00dfte Reitspektakel S\u00fcdtirols","potentialAction":[{"@type":"SearchAction","target":{"@type":"EntryPoint","urlTemplate":"https:\/\/test.ovwritt.com\/?s={search_term_string}"},"query-input":{"@type":"PropertyValueSpecification","valueRequired":true,"valueName":"search_term_string"}}],"inLanguage":"de"},{"@type":"Person","@id":"https:\/\/test.ovwritt.com\/#\/schema\/person\/031cb12ded16fee6bce74e7c5cedeaf3","name":"peter","image":{"@type":"ImageObject","inLanguage":"de","@id":"https:\/\/test.ovwritt.com\/#\/schema\/person\/image\/","url":"https:\/\/secure.gravatar.com\/avatar\/2eae265c446abfdba86ec66bd3e380742665f8cdecebf424d120579481b11584?s=96&d=mm&r=g","contentUrl":"https:\/\/secure.gravatar.com\/avatar\/2eae265c446abfdba86ec66bd3e380742665f8cdecebf424d120579481b11584?s=96&d=mm&r=g","caption":"peter"},"url":"https:\/\/test.ovwritt.com\/author\/peter\/"}]}},"_links":{"self":[{"href":"https:\/\/test.ovwritt.com\/json\/wp\/v2\/posts\/1730","targetHints":{"allow":["GET"]}}],"collection":[{"href":"https:\/\/test.ovwritt.com\/json\/wp\/v2\/posts"}],"about":[{"href":"https:\/\/test.ovwritt.com\/json\/wp\/v2\/types\/post"}],"author":[{"embeddable":true,"href":"https:\/\/test.ovwritt.com\/json\/wp\/v2\/users\/2"}],"replies":[{"embeddable":true,"href":"https:\/\/test.ovwritt.com\/json\/wp\/v2\/comments?post=1730"}],"version-history":[{"count":8,"href":"https:\/\/test.ovwritt.com\/json\/wp\/v2\/posts\/1730\/revisions"}],"predecessor-version":[{"id":1781,"href":"https:\/\/test.ovwritt.com\/json\/wp\/v2\/posts\/1730\/revisions\/1781"}],"wp:featuredmedia":[{"embeddable":true,"href":"https:\/\/test.ovwritt.com\/json\/wp\/v2\/media\/1731"}],"wp:attachment":[{"href":"https:\/\/test.ovwritt.com\/json\/wp\/v2\/media?parent=1730"}],"wp:term":[{"taxonomy":"category","embeddable":true,"href":"https:\/\/test.ovwritt.com\/json\/wp\/v2\/categories?post=1730"},{"taxonomy":"post_tag","embeddable":true,"href":"https:\/\/test.ovwritt.com\/json\/wp\/v2\/tags?post=1730"}],"curies":[{"name":"wp","href":"https:\/\/api.w.org\/{rel}","templated":true}]}}